{"id":15905,"date":"2021-11-22T20:10:46","date_gmt":"2021-11-22T19:10:46","guid":{"rendered":"https:\/\/www.opticagracia.com\/?p=15905"},"modified":"2025-02-22T17:12:00","modified_gmt":"2025-02-22T16:12:00","slug":"com-distingo-si-unas-gafas-son-polarizadas","status":"publish","type":"post","link":"https:\/\/www.opticagracia.com\/ca\/com-distingo-si-unas-gafas-son-polarizadas\/","title":{"rendered":"Com distingeixo si unes ulleres s\u00f3n polaritzades?"},"content":{"rendered":"<p>La majoria de les marques ja incorporen algun distintiu a la lent que indica que aquestes lents polaritzades.<br \/>\nPot ser una simple P com en el cas de RAY BAN polar.<\/p>\n<p>O escrit directament a la lent de la paraula POLARIZED Com el cas d&#039;OAKLEY.<br \/>\nAix\u00f2 varia depenent del fabricant.<\/p>\n<div id=\"attachment_15906\" style=\"width: 480px\" class=\"wp-caption alignleft\"><img fetchpriority=\"high\" decoding=\"async\" aria-describedby=\"caption-attachment-15906\" class=\"wp-image-15906\" src=\"https:\/\/www.opticagracia.com\/wp-content\/uploads\/2021\/11\/imagen-rayban-wayfarer-polar-opticagracia.es_.jpg\" alt=\"imatge rayban wayfarer polar opticagracia.es\" width=\"470\" height=\"384\" srcset=\"https:\/\/www.opticagracia.com\/wp-content\/uploads\/2021\/11\/imagen-rayban-wayfarer-polar-opticagracia.es_.jpg 593w, https:\/\/www.opticagracia.com\/wp-content\/uploads\/2021\/11\/imagen-rayban-wayfarer-polar-opticagracia.es_-500x409.jpg 500w, https:\/\/www.opticagracia.com\/wp-content\/uploads\/2021\/11\/imagen-rayban-wayfarer-polar-opticagracia.es_-100x82.jpg 100w\" sizes=\"(max-width: 470px) 100vw, 470px\" \/><p id=\"caption-attachment-15906\" class=\"wp-caption-text\">imatge rayban wayfarer polar opticagracia.es<\/p><\/div>\n<h3>Ulleres polaritzades<\/h3>\n<p>Sols buscar ulleres polaritzades perqu\u00e8 n&#039;has sentit a parlar?\u2026 segueix llegint<\/p>\n<p>Les ulleres polaritzades contenen un filtre que evita determinats reflexos i milloren el confort visual.<\/p>\n<p>La llum del sol que rebem vibra en totes direccions, per\u00f2, quan rebota en una superf\u00edcie horitzontal, la llum queda parcialment polaritzada i reflecteix o enlluerna.<br \/>\nEl filtre polaritzat actua de manera que deixa passar la llum que incideix lull nom\u00e9s de forma vertical, daquesta manera eliminen els reflexos.<br \/>\nPer aix\u00f2 s\u00f3n especialment \u00fatils al mar on hi ha un m\u00e0xim reflex del sol, tamb\u00e9 a la carretera, al desert, a la neu\u2026que passa el mateix.<\/p>\n<p>Aleshores, les ulleres polaritzades s\u00f3n aquelles que contenen aquest filtre especial que t&#039;ajuda a eliminar els reflexos ia disminuir la sensaci\u00f3 d&#039;enlluernament, despr\u00e9s d&#039;aix\u00f2 obtens un millor rendiment visual quan est\u00e0s exposat a superf\u00edcies exteriors molt brillants.<\/p>\n<p>Podem trobar ulleres polaritzades amb lents fosques en diferents tons, GRIS, MARR\u00d3, VESDE, i tamb\u00e9 n&#039;hi ha amb lents miralles de diferents colors. En el nostre dia dia veiem com molts de vosaltres confons l&#039;efecte mirall amb l&#039;efecte polaritzat, i per aix\u00f2 t&#039;ho volem explicar avui.<\/p>\n<p>Has descobert alguna cosa que no sabies?<\/p>","protected":false},"excerpt":{"rendered":"<p>La majoria de les marques ja incorporen algun distintiu a la lent que indica que aquestes lents polaritzades. Pot ser una simple P com en el cas de RAY BAN polar. O escrit directament a la lent de la paraula POLARIZED Com el cas d&#039;OAKLEY. Aix\u00f2 varia depenent del fabricant. Ulleres polaritzades Sols<br \/><a class=\"moretag\" href=\"https:\/\/www.opticagracia.com\/ca\/com-distingo-si-unas-gafas-son-polarizadas\/\">+ Read More<\/a><\/p>","protected":false},"author":6,"featured_media":15907,"comment_status":"closed","ping_status":"closed","sticky":false,"template":"","format":"standard","meta":{"footnotes":""},"categories":[120],"tags":[],"class_list":["post-15905","post","type-post","status-publish","format-standard","has-post-thumbnail","hentry","category-noticias"],"_links":{"self":[{"href":"https:\/\/www.opticagracia.com\/ca\/wp-json\/wp\/v2\/posts\/15905","targetHints":{"allow":["GET"]}}],"collection":[{"href":"https:\/\/www.opticagracia.com\/ca\/wp-json\/wp\/v2\/posts"}],"about":[{"href":"https:\/\/www.opticagracia.com\/ca\/wp-json\/wp\/v2\/types\/post"}],"author":[{"embeddable":true,"href":"https:\/\/www.opticagracia.com\/ca\/wp-json\/wp\/v2\/users\/6"}],"replies":[{"embeddable":true,"href":"https:\/\/www.opticagracia.com\/ca\/wp-json\/wp\/v2\/comments?post=15905"}],"version-history":[{"count":0,"href":"https:\/\/www.opticagracia.com\/ca\/wp-json\/wp\/v2\/posts\/15905\/revisions"}],"wp:featuredmedia":[{"embeddable":true,"href":"https:\/\/www.opticagracia.com\/ca\/wp-json\/wp\/v2\/media\/15907"}],"wp:attachment":[{"href":"https:\/\/www.opticagracia.com\/ca\/wp-json\/wp\/v2\/media?parent=15905"}],"wp:term":[{"taxonomy":"category","embeddable":true,"href":"https:\/\/www.opticagracia.com\/ca\/wp-json\/wp\/v2\/categories?post=15905"},{"taxonomy":"post_tag","embeddable":true,"href":"https:\/\/www.opticagracia.com\/ca\/wp-json\/wp\/v2\/tags?post=15905"}],"curies":[{"name":"wp","href":"https:\/\/api.w.org\/{rel}","templated":true}]}}