{"id":17119,"date":"2022-11-21T13:55:25","date_gmt":"2022-11-21T12:55:25","guid":{"rendered":"https:\/\/www.opticagracia.com\/?p=17119"},"modified":"2025-02-22T17:10:33","modified_gmt":"2025-02-22T16:10:33","slug":"color-de-gafas-segun-tu-color-de-ojos","status":"publish","type":"post","link":"https:\/\/www.opticagracia.com\/ca\/color-de-gafas-segun-tu-color-de-ojos\/","title":{"rendered":"Com escollir el color d'ulleres segons el color d'ulls 2022"},"content":{"rendered":"<h2><span style=\"color: #333399;\">COLOR DE ULLERES SEGONS EL TEU COLOR D&#039;ULL<\/span><span style=\"color: #333399;\">S EN 2022<br \/>\n<\/span><\/h2>\n<h2><span style=\"color: #333399;\">\u00a0<\/span><\/h2>\n<p>Troba el teu color d&#039;ulleres que rejoveneixen segons el teu color d&#039;ulls:<\/p>\n<p>La teva imatge comunica i les ulleres comuniquen, tingues en compte que quan alg\u00fa es dirigeix a tu, el primer que veuen s\u00f3n els teus ulls i les ulleres, saber potenciar-los i treure&#039;ls el m\u00e0xim partit \u00e9s important per millorar la teva imatge personal.<\/p>\n<p>\u00c9s recomanable tenir en compte el color dels teus ulls a l&#039;hora de triar les ulleres depenent de si vols potenciar-los o si vols neutralitzar-los.<\/p>\n<div id=\"attachment_17126\" style=\"width: 434px\" class=\"wp-caption alignright\"><a href=\"https:\/\/www.opticagracia.com\/ca\/categoria-producte\/ulleres-graduades\/ulleres-graduades-dona\/\"><img fetchpriority=\"high\" decoding=\"async\" aria-describedby=\"caption-attachment-17126\" class=\"wp-image-17126\" src=\"https:\/\/www.opticagracia.com\/wp-content\/uploads\/2022\/11\/IMAGEN-gafas-EtniaBarcelons-opticagracia.es_-650x365.png\" alt=\"IMATGE ulleres EtniaBarcelons opticagracia.es\" width=\"424\" height=\"238\" srcset=\"https:\/\/www.opticagracia.com\/wp-content\/uploads\/2022\/11\/IMAGEN-gafas-EtniaBarcelons-opticagracia.es_-650x365.png 650w, https:\/\/www.opticagracia.com\/wp-content\/uploads\/2022\/11\/IMAGEN-gafas-EtniaBarcelons-opticagracia.es_-100x56.png 100w, https:\/\/www.opticagracia.com\/wp-content\/uploads\/2022\/11\/IMAGEN-gafas-EtniaBarcelons-opticagracia.es_-768x431.png 768w, https:\/\/www.opticagracia.com\/wp-content\/uploads\/2022\/11\/IMAGEN-gafas-EtniaBarcelons-opticagracia.es_-500x281.png 500w, https:\/\/www.opticagracia.com\/wp-content\/uploads\/2022\/11\/IMAGEN-gafas-EtniaBarcelons-opticagracia.es_.png 860w\" sizes=\"(max-width: 424px) 100vw, 424px\" \/><\/a><p id=\"caption-attachment-17126\" class=\"wp-caption-text\">IMATGE ulleres EtniaBarcelons opticagracia.es<\/p><\/div>\n<p>1-Colors d&#039;ulleres per a ULLS BLAU: Per als ulls blaus recomanem ulleres de pasta en tons grisos, fins i tot ulleres met\u00e0l\u00b7liques platejades.<\/p>\n<p>Tamb\u00e9 poden afavorir les<a href=\"https:\/\/www.opticagracia.com\/ca\/categoria-producte\/ulleres-graduades\/ulleres-graduades-dona\/\"> ulleres transparents i en tons past\u00eds i liles.<\/a> Valora tamb\u00e9 molt els colors terra i carey, aquests colors d&#039;ulleres s\u00f3n b\u00e0sics per al teu fons d&#039;armari, ja que combinen f\u00e0cilment amb qualsevol to de p\u00e8l i amb la roba.<\/p>\n<p>Poden contrastar tamb\u00e9 molt b\u00e9 els <a href=\"https:\/\/www.opticagracia.com\/ca\/producte\/ulleres-de-vista-gucci-1082-001\/\">negres o blaus foscos<\/a> ja que harmonitzen b\u00e9 amb el color dulls.<\/p>\n<p>2- Colors d&#039;ulleres per a ULLS VERDS: Per als ulls verds recomanem ulleres met\u00e0l\u00b7liques en tons daurats i roses, Ulleres de pasta rosades i tons semblants. fixa&#039;t tamb\u00e9 en<a href=\"https:\/\/www.opticagracia.com\/ca\/producte\/ulleres-de-vista-gucci-1082-002\/\"> les ulleres taronges i marrons carey<\/a> que poden ajuden a potenciar-los i contrasten m\u00e9s. Recordeu que aquests tons s\u00f3n el vostre fons d&#039;armari i tenir-les com a primera opci\u00f3 sempre \u00e9s recomanable.<\/p>\n<p>Els colors que li donen harmonia s\u00f3n els verds en qualsevol tonalitat, escollir colors en tons semblants al color dels ulls d\u00f3na sensaci\u00f3 de calidesa i harmonia a la cara i t&#039;ajuda a comunicar amb la teva mirada.<\/p>\n<div id=\"attachment_16174\" style=\"width: 310px\" class=\"wp-caption alignnone\"><img decoding=\"async\" aria-describedby=\"caption-attachment-16174\" class=\"wp-image-16174\" src=\"https:\/\/www.opticagracia.com\/wp-content\/uploads\/2018\/03\/Optica-Gracia-Blog-Lents-antireflectants-650x345.jpg\" alt=\"\u00d2ptica Gr\u00e0cia - Blog - Lents antireflectants\" width=\"300\" height=\"159\" srcset=\"https:\/\/www.opticagracia.com\/wp-content\/uploads\/2018\/03\/Optica-Gracia-Blog-Lents-antireflectants-650x345.jpg 650w, https:\/\/www.opticagracia.com\/wp-content\/uploads\/2018\/03\/Optica-Gracia-Blog-Lents-antireflectants-500x266.jpg 500w, https:\/\/www.opticagracia.com\/wp-content\/uploads\/2018\/03\/Optica-Gracia-Blog-Lents-antireflectants-100x53.jpg 100w, https:\/\/www.opticagracia.com\/wp-content\/uploads\/2018\/03\/Optica-Gracia-Blog-Lents-antireflectants-768x408.jpg 768w, https:\/\/www.opticagracia.com\/wp-content\/uploads\/2018\/03\/Optica-Gracia-Blog-Lents-antireflectants.jpg 800w\" sizes=\"(max-width: 300px) 100vw, 300px\" \/><p id=\"caption-attachment-16174\" class=\"wp-caption-text\">Ulleres segons color d&#039;ulls opticagracia.com<\/p><\/div>\n<p>3-colors d&#039;ulleres per a ULLS MARRONS: Per als ulls marrons que s\u00f3n els m\u00e9s comuns recomanem ulleres potser m\u00e9s atrevides, <a href=\"https:\/\/www.opticagracia.com\/ca\/categoria-producte\/ulleres-graduades\/ulleres-graduades-dona\/\">en tons vermells, granats, marrons, fins i tot verds,<\/a> en definitiva colors que contrastin i il\u00b7luminin el rostre.<\/p>\n<p>Funcionen molt b\u00e9 tamb\u00e9 els blaus vius i els f\u00facsies. Harmonitzen molt b\u00e9 tamb\u00e9 amb els tons grocs i mel, ja que aquests s\u00f3n tons m\u00e9s clars dins de la mateixa gamma de color marr\u00f3 que els teus ulls, i donen una sensaci\u00f3 m\u00e9s suau a la teva mirada.<\/p>\n<p>\ud83d\udc4c\ud83c\udffb Guarda aquesta guia per tenir-la sempre a m\u00e0, per encertar sempre amb les ulleres o quan vulguis fer un regal especial i sorprendre i encertar de ple. Recomana-ho a qui creguis que pot ajudar Compartint-li el link d&#039;aquesta p\u00e0gina.<\/p>","protected":false},"excerpt":{"rendered":"<p>COLOR DE ULLERES SEGONS EL TEU COLOR D&#039;ULLS EL 2022 Troba el teu color d&#039;ulleres que rejoveneixen segons el teu color d&#039;ulls: La teva imatge comunica i les ulleres comuniquen, tingues en compte que quan alg\u00fa es dirigeix a tu, el primer que veuen s\u00f3n els teus ulls i les ulleres, saber potenciar-los i treure&#039;ls el m\u00e0xim<br \/><a class=\"moretag\" href=\"https:\/\/www.opticagracia.com\/ca\/color-de-gafas-segun-tu-color-de-ojos\/\">+ Read More<\/a><\/p>","protected":false},"author":6,"featured_media":17128,"comment_status":"closed","ping_status":"closed","sticky":false,"template":"","format":"standard","meta":{"footnotes":""},"categories":[120],"tags":[],"class_list":["post-17119","post","type-post","status-publish","format-standard","has-post-thumbnail","hentry","category-noticias"],"_links":{"self":[{"href":"https:\/\/www.opticagracia.com\/ca\/wp-json\/wp\/v2\/posts\/17119","targetHints":{"allow":["GET"]}}],"collection":[{"href":"https:\/\/www.opticagracia.com\/ca\/wp-json\/wp\/v2\/posts"}],"about":[{"href":"https:\/\/www.opticagracia.com\/ca\/wp-json\/wp\/v2\/types\/post"}],"author":[{"embeddable":true,"href":"https:\/\/www.opticagracia.com\/ca\/wp-json\/wp\/v2\/users\/6"}],"replies":[{"embeddable":true,"href":"https:\/\/www.opticagracia.com\/ca\/wp-json\/wp\/v2\/comments?post=17119"}],"version-history":[{"count":0,"href":"https:\/\/www.opticagracia.com\/ca\/wp-json\/wp\/v2\/posts\/17119\/revisions"}],"wp:featuredmedia":[{"embeddable":true,"href":"https:\/\/www.opticagracia.com\/ca\/wp-json\/wp\/v2\/media\/17128"}],"wp:attachment":[{"href":"https:\/\/www.opticagracia.com\/ca\/wp-json\/wp\/v2\/media?parent=17119"}],"wp:term":[{"taxonomy":"category","embeddable":true,"href":"https:\/\/www.opticagracia.com\/ca\/wp-json\/wp\/v2\/categories?post=17119"},{"taxonomy":"post_tag","embeddable":true,"href":"https:\/\/www.opticagracia.com\/ca\/wp-json\/wp\/v2\/tags?post=17119"}],"curies":[{"name":"wp","href":"https:\/\/api.w.org\/{rel}","templated":true}]}}