{"id":17376,"date":"2023-01-16T20:18:45","date_gmt":"2023-01-16T19:18:45","guid":{"rendered":"https:\/\/www.opticagracia.com\/?p=17376"},"modified":"2025-02-23T12:24:43","modified_gmt":"2025-02-23T11:24:43","slug":"estilos-de-gafas-que-combinan-con-outfits-en-2023","status":"publish","type":"post","link":"https:\/\/www.opticagracia.com\/ca\/estilos-de-gafas-que-combinan-con-outfits-en-2023\/","title":{"rendered":"Estils d'Ulleres que combinen amb els teus outfits el 2025"},"content":{"rendered":"<h3 style=\"text-align: left;\"><strong>LA FORMA M\u00c9S F\u00c0CIL D&#039;AFEGIR COLOR ALS TEUS OUTFITS SENSE PERDRE EL TEU ESTIL <\/strong><strong>NI LA TEVA PERSONALITAT<\/strong><\/h3>\n<h2>Estils d'Ulleres que combinen amb els teus outfits el 2025<\/h2>\n<p>Les ulleres s\u00f3n el complement perfecte per elevar el teu look i aqu\u00ed tens alguns tipus a l&#039;hora d&#039;afegir color als teus outfits:<\/p>\n<h4>\u270f\ufe0f<strong> ESTIL NATURAL<\/strong><\/h4>\n<p>Ho acostumen portar persones que inspiren proximitat, s\u00f3n senzilles, fresques i relaxades, busquen comoditat:<\/p>\n<p><strong>Farien servir ulleres d&#039;estil casual de formes b\u00e0siques arrodonides i en metall or o plata i en pasta de colors t\u00e8nues o fins i tot negre o marr\u00f3 carei.<\/strong><\/p>\n<h4>\u270f\ufe0f <strong>ESTIL CL\u00c0SSIC O TRADICIONAL<\/strong><\/h4>\n<p>S\u00f3n persones que busquen la sobrietat en la forma de vestir. Sol ser gent que denota lideratge i inspiren propietat en ser tan correctes:<\/p>\n<p><strong>Farien servir ulleres en pasta negra de formes quadrades i rectangulars o fins i tot en marr\u00f3 carey arrodonides estil panthos.<\/strong><\/p>\n<div id=\"attachment_17439\" style=\"width: 335px\" class=\"wp-caption alignright\"><a href=\"https:\/\/www.opticagracia.com\/ca\/producte\/gafas-de-sol-ray-ban-0840s-901-31-mega-wayfarer\/\"><img fetchpriority=\"high\" decoding=\"async\" aria-describedby=\"caption-attachment-17439\" class=\"wp-image-17439\" src=\"https:\/\/www.opticagracia.com\/wp-content\/uploads\/2023\/01\/Gafas-de-sol-RayBan-0840S-901-31-opticagracia.es_1-650x650.jpg\" alt=\"Ulleres de sol Ray Ban Mega wayfarer estil casual per a fons d&#039;armari i el dia a diaUlleres-de-sol-RayBan-0840S-901-31-opticagracia.es \" width=\"325\" height=\"325\" srcset=\"https:\/\/www.opticagracia.com\/wp-content\/uploads\/2023\/01\/Gafas-de-sol-RayBan-0840S-901-31-opticagracia.es_1-650x650.jpg 650w, https:\/\/www.opticagracia.com\/wp-content\/uploads\/2023\/01\/Gafas-de-sol-RayBan-0840S-901-31-opticagracia.es_1-100x100.jpg 100w, https:\/\/www.opticagracia.com\/wp-content\/uploads\/2023\/01\/Gafas-de-sol-RayBan-0840S-901-31-opticagracia.es_1-768x768.jpg 768w, https:\/\/www.opticagracia.com\/wp-content\/uploads\/2023\/01\/Gafas-de-sol-RayBan-0840S-901-31-opticagracia.es_1-500x500.jpg 500w, https:\/\/www.opticagracia.com\/wp-content\/uploads\/2023\/01\/Gafas-de-sol-RayBan-0840S-901-31-opticagracia.es_1.jpg 900w\" sizes=\"(max-width: 325px) 100vw, 325px\" \/><\/a><p id=\"caption-attachment-17439\" class=\"wp-caption-text\">Ulleres de sol Ray Ban Mega wayfarer estil casual per a fons d&#039;armari i el dia a dia Ulleres-de-sol-RayBan-0840S-901-31-opticagracia.es<\/p><\/div>\n<h4>\u270f\ufe0f<strong> ESTIL ELEGANT<\/strong><\/h4>\n<p>Usen peces de la seva talla i forma, els interessa molt la qualitat. No ensenyen marques i busquen tenir molt de port i detalls. Es perceben com a persones sofisticades i molt refinades, tamb\u00e9 barregen peces de roba en tend\u00e8ncia:<\/p>\n<p><strong>Farien servir ulleres de tend\u00e8ncia per\u00f2 en colors i formes cl\u00e0ssiques o de gat, amb el teu toc de sofisticaci\u00f3. Predominen en negre i daurat o tons que no cridin gaire l&#039;atenci\u00f3.<\/strong><\/p>\n<h4>\u270f\ufe0f<strong> ESTIL ROM\u00c0NTIC<\/strong><\/h4>\n<p>Busquen que tot combini i generen certa harmonia a la roba. Inspiren tendresa i accessibilitat. Sol ser un estil molt femen\u00ed i delicat:<\/p>\n<p><strong>Farien servir ulleres de pasta en tons past\u00eds o marrons clars, o en or i or rosa de l\u00ednies fines i arrodonides.<\/strong><\/p>\n<h4>\u270f\ufe0f <strong>ESTIL SEDUCTOR<\/strong><\/h4>\n<p>Igual que l&#039;estil rom\u00e0ntic, es tracta d&#039;un de molt reconeixible. Busquen atraure o captar latenci\u00f3 a trav\u00e9s de la seva silueta.<\/p>\n<p>S\u00f3n persones amb molta confian\u00e7a i seguretat en si mateixes:<\/p>\n<p><strong>Usarien ulleres en formes atrevides, estil gat o m\u00e9s anguloses, en colors atrevits com vermell, blanc, taronja\u2026<\/strong><\/p>\n<div id=\"attachment_19004\" style=\"width: 335px\" class=\"wp-caption alignright\"><a href=\"https:\/\/www.opticagracia.com\/ca\/producte\/gafas-de-sol-zadigvoltaire-409-06yi\/\"><img decoding=\"async\" aria-describedby=\"caption-attachment-19004\" class=\"wp-image-19004\" src=\"https:\/\/www.opticagracia.com\/wp-content\/uploads\/2024\/12\/Gafas-de-sol-Zadigvoltaire-409-06YI-opticagracia.es_1-650x650.jpg\" alt=\"Ulleres Zadig Voltaire de forma de gat estil dram\u00e0tic i seductor alhora opticagracia.es\" width=\"325\" height=\"325\" srcset=\"https:\/\/www.opticagracia.com\/wp-content\/uploads\/2024\/12\/Gafas-de-sol-Zadigvoltaire-409-06YI-opticagracia.es_1-650x650.jpg 650w, https:\/\/www.opticagracia.com\/wp-content\/uploads\/2024\/12\/Gafas-de-sol-Zadigvoltaire-409-06YI-opticagracia.es_1-1024x1024.jpg 1024w, https:\/\/www.opticagracia.com\/wp-content\/uploads\/2024\/12\/Gafas-de-sol-Zadigvoltaire-409-06YI-opticagracia.es_1-100x100.jpg 100w, https:\/\/www.opticagracia.com\/wp-content\/uploads\/2024\/12\/Gafas-de-sol-Zadigvoltaire-409-06YI-opticagracia.es_1-768x768.jpg 768w, https:\/\/www.opticagracia.com\/wp-content\/uploads\/2024\/12\/Gafas-de-sol-Zadigvoltaire-409-06YI-opticagracia.es_1-500x500.jpg 500w, https:\/\/www.opticagracia.com\/wp-content\/uploads\/2024\/12\/Gafas-de-sol-Zadigvoltaire-409-06YI-opticagracia.es_1.jpg 1200w\" sizes=\"(max-width: 325px) 100vw, 325px\" \/><\/a><p id=\"caption-attachment-19004\" class=\"wp-caption-text\">Ulleres Zadig Voltaire de forma de gat estil dram\u00e0tic i seductor alhora opticagracia.es Zadigvoltaire-409-06YI<\/p><\/div>\n<h4>\u270f\ufe0f <strong>ESTIL CREATIU<\/strong><\/h4>\n<p>Les seves peces s\u00f3n molt originals, tenen un estil molt particular i els agrada diferenciar-se dels altres. Es perceben com a persones atrevides que combinen colors i textures.<\/p>\n<p><strong>Farien servir ulleres de formes originals, irregulars i de materials diferents del que \u00e9s habitual, s&#039;atreveixen amb colors vius.<\/strong><\/p>\n<h4>\u270f\ufe0f <strong>ESTIL DRAM\u00c0TIC<\/strong><\/h4>\n<p>Volen projectar sofisticaci\u00f3 i s\u00f3n aquells que imposen modes o tend\u00e8ncies. Els agrada impactar als altres. Volen projectar sofisticaci\u00f3 i s\u00f3n aquells que imposen modes o tend\u00e8ncies. Els agrada impactar als altres:<\/p>\n<p><strong>Farien servir ulleres molt atrevides amb formes trencadores i colors atrevits tant si s\u00f3n tend\u00e8ncia com si no, ja que ells la marquen.<\/strong><\/p>\n<p><strong><span style=\"color: #3366ff;\">Recorda que l&#039;estil d&#039;una persona no necess\u00e0riament \u00e9s el mateix de sempre, evolucionem i canviem cont\u00ednuament i de nosaltres dep\u00e8n de si mantenim un estil o ho anem adaptant.<\/span><\/strong><\/p>","protected":false},"excerpt":{"rendered":"<p>LA FORMA M\u00c9S F\u00c0CIL D&#039;AFEGIR COLOR ALS TEUS OUTFITS SENSE PERDRE EL TEU ESTIL NI LA TEVA PERSONALITAT Estils de Ulleres que combinen amb els teus outfits el 2025 Les ulleres s\u00f3n el complement perfecte per elevar el teu look i aqu\u00ed tens alguns tipus a l&#039;hora d&#039;afegir<br \/><a class=\"moretag\" href=\"https:\/\/www.opticagracia.com\/ca\/estilos-de-gafas-que-combinan-con-outfits-en-2023\/\">+ Read More<\/a><\/p>","protected":false},"author":6,"featured_media":19062,"comment_status":"closed","ping_status":"closed","sticky":false,"template":"","format":"standard","meta":{"footnotes":""},"categories":[120],"tags":[],"class_list":["post-17376","post","type-post","status-publish","format-standard","has-post-thumbnail","hentry","category-noticias"],"_links":{"self":[{"href":"https:\/\/www.opticagracia.com\/ca\/wp-json\/wp\/v2\/posts\/17376","targetHints":{"allow":["GET"]}}],"collection":[{"href":"https:\/\/www.opticagracia.com\/ca\/wp-json\/wp\/v2\/posts"}],"about":[{"href":"https:\/\/www.opticagracia.com\/ca\/wp-json\/wp\/v2\/types\/post"}],"author":[{"embeddable":true,"href":"https:\/\/www.opticagracia.com\/ca\/wp-json\/wp\/v2\/users\/6"}],"replies":[{"embeddable":true,"href":"https:\/\/www.opticagracia.com\/ca\/wp-json\/wp\/v2\/comments?post=17376"}],"version-history":[{"count":0,"href":"https:\/\/www.opticagracia.com\/ca\/wp-json\/wp\/v2\/posts\/17376\/revisions"}],"wp:featuredmedia":[{"embeddable":true,"href":"https:\/\/www.opticagracia.com\/ca\/wp-json\/wp\/v2\/media\/19062"}],"wp:attachment":[{"href":"https:\/\/www.opticagracia.com\/ca\/wp-json\/wp\/v2\/media?parent=17376"}],"wp:term":[{"taxonomy":"category","embeddable":true,"href":"https:\/\/www.opticagracia.com\/ca\/wp-json\/wp\/v2\/categories?post=17376"},{"taxonomy":"post_tag","embeddable":true,"href":"https:\/\/www.opticagracia.com\/ca\/wp-json\/wp\/v2\/tags?post=17376"}],"curies":[{"name":"wp","href":"https:\/\/api.w.org\/{rel}","templated":true}]}}