{"id":18596,"date":"2024-10-11T13:55:09","date_gmt":"2024-10-11T11:55:09","guid":{"rendered":"https:\/\/www.opticagracia.com\/?p=18596"},"modified":"2025-02-12T10:49:23","modified_gmt":"2025-02-12T09:49:23","slug":"5-consejos-esenciales-para-cuidar-la-salud-de-tus-ojos-en-otono-e-invierno","status":"publish","type":"post","link":"https:\/\/www.opticagracia.com\/ca\/5-consejos-esenciales-para-cuidar-la-salud-de-tus-ojos-en-otono-e-invierno\/","title":{"rendered":"5 Consells per tenir cura de la salut dels teus ulls a la tardor i l'hivern"},"content":{"rendered":"<h3><strong>5 Consells per tenir cura de la salut dels teus ulls a la tardor i l'hivern<\/strong><\/h3>\n<p>Amb l'arribada de la tardor i l'hivern, els canvis de temperatura i condicions clim\u00e0tiques poden afectar significativament la salut dels nostres ulls. El fred, el vent, els ambients secs i la menor exposici\u00f3 a la llum solar s\u00f3n factors que poden causar mol\u00e8sties o fins i tot problemes visuals. Per garantir que els teus ulls es mantinguin en bon estat, aqu\u00ed et deixem 5 consells essencials per cuidar-los durant aquestes estacions:<\/p>\n<p><img fetchpriority=\"high\" decoding=\"async\" class=\"wp-image-18598 alignleft\" src=\"https:\/\/www.opticagracia.com\/wp-content\/uploads\/2024\/10\/Sessio-corporativa-53-web-433x650.jpg\" alt=\"SALUT VISUAL 1 OPTICAGR\u00c0CIA.COM\" width=\"272\" height=\"408\" srcset=\"https:\/\/www.opticagracia.com\/wp-content\/uploads\/2024\/10\/Sessio-corporativa-53-web-433x650.jpg 433w, https:\/\/www.opticagracia.com\/wp-content\/uploads\/2024\/10\/Sessio-corporativa-53-web-683x1024.jpg 683w, https:\/\/www.opticagracia.com\/wp-content\/uploads\/2024\/10\/Sessio-corporativa-53-web-67x100.jpg 67w, https:\/\/www.opticagracia.com\/wp-content\/uploads\/2024\/10\/Sessio-corporativa-53-web-768x1152.jpg 768w, https:\/\/www.opticagracia.com\/wp-content\/uploads\/2024\/10\/Sessio-corporativa-53-web-500x750.jpg 500w, https:\/\/www.opticagracia.com\/wp-content\/uploads\/2024\/10\/Sessio-corporativa-53-web.jpg 800w\" sizes=\"(max-width: 272px) 100vw, 272px\" \/><\/p>\n<h4><strong>1. Hidrata els teus ulls<\/strong><\/h4>\n<p>La sequedat ocular \u00e9s un dels problemes m\u00e9s comuns durant els mesos freds. La calefacci\u00f3 i la baixa humitat de l&#039;aire poden ressecar els ulls, provocant picor, envermelliment i visi\u00f3 borrosa.<\/p>\n<ul>\n<li><strong>Soluci\u00f3:<\/strong> Fes servir ll\u00e0grimes artificials per mantenir la superf\u00edcie ocular hidratada.<\/li>\n<li><strong>Recomanaci\u00f3:<\/strong> Beu prou aigua per evitar la deshidrataci\u00f3, ja que tamb\u00e9 afecta la salut ocular.<\/li>\n<li><strong>Consell addicional:<\/strong> Col\u00b7loca humidificadors a casa oa l&#039;oficina per estabilitzar la humitat ambiental.<\/li>\n<\/ul>\n<h4><strong>2. Protegeix els teus ulls del vent i el fred<\/strong><\/h4>\n<p>El vent i les temperatures baixes poden irritar els ulls i empitjorar la s\u00edndrome de lull sec.<\/p>\n<ul>\n<li><strong>Consell:<\/strong> Fes servir ulleres de sol per protegir-te tant del vent com dels raigs ultraviolats (UV), que poden ser perjudicials fins i tot a l&#039;hivern.<\/li>\n<li><strong>Important:<\/strong> Si practiques esqu\u00ed o altres activitats a la neu, \u00e9s fonamental fer servir ulleres de protecci\u00f3, ja que la neu reflecteix una gran quantitat de radiaci\u00f3 solar.<\/li>\n<\/ul>\n<h4><strong>3. Cuida la teva dieta<\/strong><\/h4>\n<p>Una dieta equilibrada \u00e9s clau per mantenir la salut ocular durant tot l?any. Consumir aliments rics en vitamines A, C i E, aix\u00ed com \u00e0cids grassos omega-3, contribueix a una bona salut visual.<\/p>\n<ul>\n<li><strong>Aliments recomanats:<\/strong> Pastanagues, espinacs i pebrots (rics en vitamina A); c\u00edtrics, maduixes i br\u00f2quil (rics en vitamina C); peix blau i fruits secs (rics en omega-3).<\/li>\n<\/ul>\n<h4><strong>4. Para atenci\u00f3 a la fatiga ocular<\/strong><\/h4>\n<p>Els dies m\u00e9s curts i les llargues hores davant de pantalles poden augmentar la fatiga ocular.<\/p>\n<ul>\n<li><strong>Consell pr\u00e0ctic:<\/strong> Segueix la regla 20-20-20: cada 20 minuts mira un objecte a uns 6 metres de dist\u00e0ncia durant 20 segons.<\/li>\n<li><strong>Ajustaments recomanats:<\/strong> Redueix la brillantor de les pantalles i ajusta la il\u00b7luminaci\u00f3 de l&#039;habitaci\u00f3 per evitar contrastos excessius.<\/li>\n<li><strong>Consulta:<\/strong> Si notes mol\u00e8sties, acudeix a un especialista per assegurar-te que no necessites ulleres o un canvi a la teva graduaci\u00f3.<\/li>\n<\/ul>\n<h4><strong>5. Evita fregar-te els ulls<\/strong><\/h4>\n<p>Amb les baixes temperatures, les infeccions oculars, com ara la conjuntivitis, s\u00f3n m\u00e9s comunes. Mantingues una bona higiene ocular per prevenir problemes.<\/p>\n<ul>\n<li><strong>Recomanaci\u00f3:<\/strong> No us fregueu els ulls amb les mans, ja que poden portar g\u00e8rmens causants d&#039;infeccions. Si sents picor o mol\u00e8sties, fes servir ll\u00e0grimes artificials i neteja la zona amb tovalloletes especials per a la higiene ocular.<\/li>\n<\/ul>\n<h3><strong>Conclusi\u00f3<\/strong><\/h3>\n<p>Tenir cura de la salut ocular durant tot l&#039;any \u00e9s essencial per evitar mol\u00e8sties i problemes derivats de les condicions clim\u00e0tiques. Seguint aquests senzills consells, podreu gaudir d&#039;una visi\u00f3 clara i saludable a la tardor i l&#039;hivern. Si experimentes s\u00edmptomes persistents com envermelliment, picor o visi\u00f3 borrosa, no dubtis a contactar amb un professional per obtenir un diagn\u00f2stic adequat.<\/p>\n<p><strong>Demana una cita amb els nostres especialistes en \u00d2ptica Gr\u00e0cia i assegura&#039;t que els teus ulls estan en les millors condicions.<\/strong><\/p>","protected":false},"excerpt":{"rendered":"<p>5 Consells Essencials per tenir cura de la salut dels teus ulls a la tardor i l&#039;hivern Amb l&#039;arribada de la tardor i l&#039;hivern, els canvis de temperatura i les condicions clim\u00e0tiques poden afectar significativament la salut dels nostres ulls. El fred, el vent, els ambients secs i la menor exposici\u00f3 a la llum solar s\u00f3n factors<br \/><a class=\"moretag\" href=\"https:\/\/www.opticagracia.com\/ca\/5-consejos-esenciales-para-cuidar-la-salud-de-tus-ojos-en-otono-e-invierno\/\">+ Read More<\/a><\/p>","protected":false},"author":6,"featured_media":18601,"comment_status":"closed","ping_status":"closed","sticky":false,"template":"","format":"standard","meta":{"footnotes":""},"categories":[120],"tags":[],"class_list":["post-18596","post","type-post","status-publish","format-standard","has-post-thumbnail","hentry","category-noticias"],"_links":{"self":[{"href":"https:\/\/www.opticagracia.com\/ca\/wp-json\/wp\/v2\/posts\/18596","targetHints":{"allow":["GET"]}}],"collection":[{"href":"https:\/\/www.opticagracia.com\/ca\/wp-json\/wp\/v2\/posts"}],"about":[{"href":"https:\/\/www.opticagracia.com\/ca\/wp-json\/wp\/v2\/types\/post"}],"author":[{"embeddable":true,"href":"https:\/\/www.opticagracia.com\/ca\/wp-json\/wp\/v2\/users\/6"}],"replies":[{"embeddable":true,"href":"https:\/\/www.opticagracia.com\/ca\/wp-json\/wp\/v2\/comments?post=18596"}],"version-history":[{"count":0,"href":"https:\/\/www.opticagracia.com\/ca\/wp-json\/wp\/v2\/posts\/18596\/revisions"}],"wp:featuredmedia":[{"embeddable":true,"href":"https:\/\/www.opticagracia.com\/ca\/wp-json\/wp\/v2\/media\/18601"}],"wp:attachment":[{"href":"https:\/\/www.opticagracia.com\/ca\/wp-json\/wp\/v2\/media?parent=18596"}],"wp:term":[{"taxonomy":"category","embeddable":true,"href":"https:\/\/www.opticagracia.com\/ca\/wp-json\/wp\/v2\/categories?post=18596"},{"taxonomy":"post_tag","embeddable":true,"href":"https:\/\/www.opticagracia.com\/ca\/wp-json\/wp\/v2\/tags?post=18596"}],"curies":[{"name":"wp","href":"https:\/\/api.w.org\/{rel}","templated":true}]}}