{"id":20108,"date":"2025-04-12T19:36:20","date_gmt":"2025-04-12T17:36:20","guid":{"rendered":"https:\/\/www.opticagracia.com\/?p=20108"},"modified":"2025-04-12T20:12:05","modified_gmt":"2025-04-12T18:12:05","slug":"gafas-de-sol-2025-tendencias-proteccion-uv-y-estilo-para-tu-salud-visual","status":"publish","type":"post","link":"https:\/\/www.opticagracia.com\/ca\/gafas-de-sol-2025-tendencias-proteccion-uv-y-estilo-para-tu-salud-visual\/","title":{"rendered":"Ulleres de Sol 2025: Tend\u00e8ncies, Protecci\u00f3 UV i Estil per a la teva Salut Visual"},"content":{"rendered":"<p data-sourcepos=\"7:1-7:386\">A \u00d2ptica Gr\u00e0cia, sabem que les ulleres de sol s\u00f3n molt m\u00e9s que un simple accessori de moda.<\/p>\n<p data-sourcepos=\"7:1-7:386\">El 2025, les ulleres de sol de tend\u00e8ncia han esdevingut una declaraci\u00f3 d&#039;estil i una eina essencial per protegir la teva salut visual.<\/p>\n<p data-sourcepos=\"7:1-7:386\">Aquest article us guiar\u00e0 a trav\u00e9s de les \u00faltimes tend\u00e8ncies en ulleres de sol, la import\u00e0ncia de la protecci\u00f3 UV i com triar les ulleres perfectes que s&#039;adaptin al teu estil personal i necessitats visuals.<\/p>\n<div id=\"attachment_19062\" style=\"width: 412px\" class=\"wp-caption alignnone\"><img fetchpriority=\"high\" decoding=\"async\" aria-describedby=\"caption-attachment-19062\" class=\"wp-image-19062\" src=\"https:\/\/www.opticagracia.com\/wp-content\/uploads\/2024\/12\/Gafas-de-sol-GUCCI-1422-001-opticagracia.es_3-650x650.jpg\" alt=\"Ulleres de sol GUCCI estil modern i elegant en forma de gat tend\u00e8ncia 2025 model 1422 001 opticagracia.es_3\" width=\"402\" height=\"402\" srcset=\"https:\/\/www.opticagracia.com\/wp-content\/uploads\/2024\/12\/Gafas-de-sol-GUCCI-1422-001-opticagracia.es_3-650x650.jpg 650w, https:\/\/www.opticagracia.com\/wp-content\/uploads\/2024\/12\/Gafas-de-sol-GUCCI-1422-001-opticagracia.es_3-1024x1024.jpg 1024w, https:\/\/www.opticagracia.com\/wp-content\/uploads\/2024\/12\/Gafas-de-sol-GUCCI-1422-001-opticagracia.es_3-100x100.jpg 100w, https:\/\/www.opticagracia.com\/wp-content\/uploads\/2024\/12\/Gafas-de-sol-GUCCI-1422-001-opticagracia.es_3-768x768.jpg 768w, https:\/\/www.opticagracia.com\/wp-content\/uploads\/2024\/12\/Gafas-de-sol-GUCCI-1422-001-opticagracia.es_3-500x500.jpg 500w, https:\/\/www.opticagracia.com\/wp-content\/uploads\/2024\/12\/Gafas-de-sol-GUCCI-1422-001-opticagracia.es_3.jpg 1200w\" sizes=\"(max-width: 402px) 100vw, 402px\" \/><p id=\"caption-attachment-19062\" class=\"wp-caption-text\">Ulleres de sol GUCCI estil modern i elegant en forma de gat tend\u00e8ncia 2025 model 1422 001 opticagracia.es_3<\/p><\/div>\n<p data-sourcepos=\"9:1-9:36\"><a href=\"https:\/\/www.opticagracia.com\/ca\/gafas-de-sol\/\"><strong>Tend\u00e8ncies d&#039;Ulleres de Sol 2025:<\/strong><\/a><\/p>\n<ul data-sourcepos=\"11:1-22:0\">\n<li style=\"list-style-type: none;\">\n<ul data-sourcepos=\"11:1-22:0\">\n<li data-sourcepos=\"11:1-13:109\">\n<p data-sourcepos=\"3:1-3:94\"><strong>Sostenibilitat i Materials Innovadors: Un Comprom\u00eds amb el Planeta i l&#039;Estil Personal<\/strong><\/p>\n<p data-sourcepos=\"5:1-5:159\">El 2025, la ind\u00fastria de les ulleres de sol ha fet un pas ferm cap a la sostenibilitat, combinant la responsabilitat ambiental amb la innovaci\u00f3 i el disseny.<\/p>\n<ul data-sourcepos=\"7:1-23:0\">\n<li data-sourcepos=\"7:1-10:0\">\n<p data-sourcepos=\"7:3-7:45\"><strong>Materials Reciclats i Biodegradables:<\/strong><\/p>\n<ul data-sourcepos=\"8:5-10:0\">\n<li data-sourcepos=\"8:5-8:137\">La consci\u00e8ncia ambiental creixent ha impulsat l&#039;adopci\u00f3 de materials reciclats i biodegradables en la fabricaci\u00f3 de muntures.<\/li>\n<li data-sourcepos=\"9:5-10:0\">Aquests materials, com el bioacetat derivat de fonts renovables i els pl\u00e0stics reciclats, redueixen l&#039;impacte ambiental i ofereixen una \u00e0mplia gamma de colors i textures.<\/li>\n<\/ul>\n<\/li>\n<li data-sourcepos=\"11:1-14:0\">\n<p data-sourcepos=\"11:3-11:56\"><strong>Titani i Fibra de Carboni: Lleugers i Resistents:<\/strong><\/p>\n<ul data-sourcepos=\"12:5-14:0\">\n<li data-sourcepos=\"12:5-12:116\">Per als qui busquen la m\u00e0xima comoditat i durabilitat, el titani i la fibra de carboni s\u00f3n l&#039;elecci\u00f3 ideal.<\/li>\n<li data-sourcepos=\"13:5-14:0\">Aquests materials ultralleugers i resistents ofereixen una comoditat excepcional i una durabilitat inigualable, perfectes per a estils de vida actius.<\/li>\n<\/ul>\n<\/li>\n<li data-sourcepos=\"15:1-19:0\">\n<p data-sourcepos=\"15:3-15:45\"><strong>El Regnat de l&#039;Acetat d&#039;Alta Qualitat:<\/strong><\/p>\n<ul data-sourcepos=\"16:5-19:0\">\n<li data-sourcepos=\"16:5-16:114\">L&#039;acetat d&#039;alta qualitat continua sent un material estrella el 2025, gr\u00e0cies a la seva versatilitat i eleg\u00e0ncia.<\/li>\n<li data-sourcepos=\"17:5-17:119\">Els tons Pantone de moda, com el beis i els pastissos semitransparents, aporten un toc modern i sofisticat.<\/li>\n<li data-sourcepos=\"18:5-19:0\">Tot i aix\u00f2, els cl\u00e0ssics atemporals, com les ulleres de pasta negra o marr\u00f3 carey, segueixen sent imprescindibles en qualsevol fons d&#039;armari.<\/li>\n<\/ul>\n<\/li>\n<li data-sourcepos=\"20:1-23:0\">\n<p data-sourcepos=\"20:3-20:39\"><strong>Cl\u00e0ssics que Mai Passen de Moda:<\/strong><\/p>\n<ul data-sourcepos=\"21:5-23:0\">\n<li data-sourcepos=\"21:5-21:155\">Sempre cal tenir en compte que les ulleres de pasta negra i les de color carey, s\u00f3n ulleres que sempre seran tend\u00e8ncia, i que sempre seran \u00fatils.<\/li>\n<li data-sourcepos=\"22:5-23:0\">Aquest tipus d&#039;ulleres s\u00f3n les m\u00e9s utilitzades pels empresaris i professionals que treballen de cara al p\u00fablic, ja que donen un aspecte de professionalitat i seguretat.<\/li>\n<\/ul>\n<\/li>\n<\/ul>\n<\/li>\n<\/ul>\n<\/li>\n<\/ul>\n<p data-sourcepos=\"3:1-3:74\"><strong>Colors i Lents: Diferents possibilitats per a la teva Visi\u00f3 i Estil<\/strong><\/p>\n<p data-sourcepos=\"5:1-5:117\">El 2025, la paleta de colors i les innovacions en lents ofereixen una experi\u00e8ncia visual i est\u00e8tica sense precedents.<\/p>\n<ul>\n<li style=\"list-style-type: none;\">\n<ul data-sourcepos=\"7:1-24:0\">\n<li data-sourcepos=\"7:1-11:0\">\n<p data-sourcepos=\"7:3-7:71\"><strong>Colors Vibrants i Lents Degradades: Expressi\u00f3 i Sofisticaci\u00f3:<\/strong><\/p>\n<ul data-sourcepos=\"8:5-11:0\">\n<li data-sourcepos=\"8:5-8:213\">La tend\u00e8ncia s&#039;inclina cap a l&#039;aud\u00e0cia, amb colors vibrants que capturen l&#039;atenci\u00f3. Els tons ne\u00f3, els pastissos suaus i les combinacions de colors contrastants permeten expressar la individualitat.<\/li>\n<li data-sourcepos=\"9:5-9:167\">Les lents degradades, amb transicions suaus de color, afegeixen un toc de sofisticaci\u00f3 i misteri, perfectes per als que busquen un estil elegant i modern.<\/li>\n<li data-sourcepos=\"10:5-11:0\">Colors com el taronja, grocs i blaus, estan a l&#039;ordre del dia, per donar un toc retro.<\/li>\n<\/ul>\n<\/li>\n<li data-sourcepos=\"12:1-16:0\">\n<p data-sourcepos=\"12:3-12:79\"><strong>Lents Polaritzades i Fotocrom\u00e0tiques: Funcionalitat i Protecci\u00f3 Avan\u00e7ada:<\/strong><\/p>\n<ul data-sourcepos=\"13:5-16:0\">\n<li data-sourcepos=\"13:5-13:205\">Les lents polaritzades, essencials per reduir l&#039;enlluernament i millorar la claredat visual, continuen sent imprescindibles per conduir, practicar esports aqu\u00e0tics i activitats a l&#039;aire lliure.<\/li>\n<li data-sourcepos=\"14:5-14:187\">Les lents fotocrom\u00e0tiques, que s&#039;adapten autom\u00e0ticament als canvis de llum, ofereixen una versatilitat excepcional i garanteixen una visi\u00f3 \u00f2ptima en qualsevol condici\u00f3 lum\u00ednica.<\/li>\n<li data-sourcepos=\"15:5-16:0\">Lents de mirall, que donen un toc de misteri, i alhora reflecteixen els raigs solars.<\/li>\n<\/ul>\n<\/li>\n<li data-sourcepos=\"17:1-24:0\">\n<p data-sourcepos=\"17:3-17:94\"><strong>Lents amb Tonalitats que Potencien el Contrast: Visi\u00f3 Millorada i Rendiment \u00d2ptim:<\/strong><\/p>\n<ul data-sourcepos=\"18:5-24:0\">\n<li data-sourcepos=\"18:5-18:155\">Les lents amb tonalitats espec\u00edfiques, dissenyades per potenciar el contrast i la percepci\u00f3 del color, optimitzen la visi\u00f3 en diverses situacions.<\/li>\n<li data-sourcepos=\"19:5-19:139\">Les lents grogues, per exemple, milloren el contrast en condicions de poca llum, ideals per conduir al clarejar o al vespre.<\/li>\n<li data-sourcepos=\"20:5-20:118\">Les lents de color verd ajuden a relaxar la vista i s\u00f3n ideals per a persones amb alta sensibilitat a la llum.<\/li>\n<li data-sourcepos=\"21:5-21:97\">Les lents de color marr\u00f3 ajuden a potenciar els colors, i s\u00f3n molt \u00fatils per conduir. Aquest tipus de lents s\u00f3n molt buscades per persones que volen millorar el seu rendiment visual, tant esportistes com persones que passen moltes hores conduint.<\/li>\n<li data-sourcepos=\"23:5-24:0\">La clau \u00e9s entendre, que el color de la lent, no \u00e9s nom\u00e9s est\u00e8tica, sin\u00f3 que compleix una funci\u00f3 important en la visi\u00f3.<\/li>\n<\/ul>\n<\/li>\n<li data-sourcepos=\"21:5-22:0\">\n<p data-sourcepos=\"3:1-3:88\"><strong>Formes i Estils: Expressi\u00f3 Personal i Tend\u00e8ncies Avantguardistes a Ulleres de Sol 2025<\/strong><\/p>\n<p data-sourcepos=\"5:1-5:195\">El 2025, les ulleres de sol han esdevingut una poderosa eina per expressar la individualitat i l&#039;estil personal. Les tend\u00e8ncies d&#039;aquest any destaquen per la diversitat i l&#039;originalitat.<\/p>\n<p><div id=\"attachment_19895\" style=\"width: 206px\" class=\"wp-caption alignleft\"><img decoding=\"async\" aria-describedby=\"caption-attachment-19895\" class=\"wp-image-19895\" src=\"https:\/\/www.opticagracia.com\/wp-content\/uploads\/2025\/03\/Gafas-de-sol-furla-815-700Y-54-19-opticagracia.es_1-650x650.jpg\" alt=\"Ulleres-de-sol-furla-815-700Y-54-19-opticagracia.es\" width=\"196\" height=\"196\" srcset=\"https:\/\/www.opticagracia.com\/wp-content\/uploads\/2025\/03\/Gafas-de-sol-furla-815-700Y-54-19-opticagracia.es_1-650x650.jpg 650w, https:\/\/www.opticagracia.com\/wp-content\/uploads\/2025\/03\/Gafas-de-sol-furla-815-700Y-54-19-opticagracia.es_1-1024x1024.jpg 1024w, https:\/\/www.opticagracia.com\/wp-content\/uploads\/2025\/03\/Gafas-de-sol-furla-815-700Y-54-19-opticagracia.es_1-100x100.jpg 100w, https:\/\/www.opticagracia.com\/wp-content\/uploads\/2025\/03\/Gafas-de-sol-furla-815-700Y-54-19-opticagracia.es_1-768x768.jpg 768w, https:\/\/www.opticagracia.com\/wp-content\/uploads\/2025\/03\/Gafas-de-sol-furla-815-700Y-54-19-opticagracia.es_1-12x12.jpg 12w, https:\/\/www.opticagracia.com\/wp-content\/uploads\/2025\/03\/Gafas-de-sol-furla-815-700Y-54-19-opticagracia.es_1-500x500.jpg 500w, https:\/\/www.opticagracia.com\/wp-content\/uploads\/2025\/03\/Gafas-de-sol-furla-815-700Y-54-19-opticagracia.es_1.jpg 1200w\" sizes=\"(max-width: 196px) 100vw, 196px\" \/><p id=\"caption-attachment-19895\" class=\"wp-caption-text\">Ulleres-de-sol-furla-815-700Y-54-19-opticagracia.es<\/p><\/div><\/li>\n<li data-sourcepos=\"21:5-22:0\">\n<ul data-sourcepos=\"7:1-27:0\">\n<li data-sourcepos=\"7:1-11:0\">\n<p data-sourcepos=\"7:3-7:65\"><strong>Muntures Geom\u00e8triques i Futuristes: Innovaci\u00f3 i Vanguardia:<\/strong><\/p>\n<ul data-sourcepos=\"8:5-11:0\">\n<li data-sourcepos=\"8:5-8:130\">Les muntures geom\u00e8triques, amb formes com hex\u00e0gons, oct\u00e0gons i pent\u00e0gons, aporten un toc de modernitat i sofisticaci\u00f3.<\/li>\n<li data-sourcepos=\"9:5-9:144\">Els dissenys futuristes, amb l\u00ednies angulars i estructures innovadores, s\u00f3n ideals per als que busquen un estil avantguardista i atrevit. Aquest tipus d&#039;ulleres s\u00f3n molt buscades per persones que volen destacar, i que busquen un estil \u00fanic.<\/li>\n<\/ul>\n<\/li>\n<li data-sourcepos=\"12:1-16:0\">\n<p data-sourcepos=\"12:3-12:53\"><strong>Cl\u00e0ssics Atemporals: Eleg\u00e0ncia i Versatilitat:<\/strong><\/p>\n<ul data-sourcepos=\"13:5-16:0\">\n<li data-sourcepos=\"13:5-13:151\">Les ulleres de sol de grans dimensions, amb muntures XXL oversize i lents \u00e0mplies, segueixen sent un cl\u00e0ssic atemporal, aportant un toc de glamour i misteri.<\/li>\n<li data-sourcepos=\"14:5-14:135\">Les muntures \u201ccat eye\u201d, amb la seva forma distintiva i elegant, realcen els trets facials i afegeixen un toc femen\u00ed i sofisticat i rejoveneixen i estilitzen el rostre.<\/li>\n<li data-sourcepos=\"15:5-16:0\">Ulleres rodones, tant en muntura met\u00e0l\u00b7lica fina, com en pasta, segueixen sent un cl\u00e0ssic, que d\u00f3na un toc intel\u00b7lectual.\n<ul data-sourcepos=\"7:1-27:0\">\n<li data-sourcepos=\"17:1-21:0\">\n<div id=\"attachment_18706\" style=\"width: 176px\" class=\"wp-caption alignleft\"><img decoding=\"async\" aria-describedby=\"caption-attachment-18706\" class=\"wp-image-18706\" src=\"https:\/\/www.opticagracia.com\/wp-content\/uploads\/2024\/11\/Gafas-de-sol-Carrera-1069-2M2-opticagracia.es_1-650x650.jpg\" alt=\"Ulleres-de-sol-Carrera-1069-2M2-opticagracia.es\" width=\"166\" height=\"166\" srcset=\"https:\/\/www.opticagracia.com\/wp-content\/uploads\/2024\/11\/Gafas-de-sol-Carrera-1069-2M2-opticagracia.es_1-650x650.jpg 650w, https:\/\/www.opticagracia.com\/wp-content\/uploads\/2024\/11\/Gafas-de-sol-Carrera-1069-2M2-opticagracia.es_1-1024x1024.jpg 1024w, https:\/\/www.opticagracia.com\/wp-content\/uploads\/2024\/11\/Gafas-de-sol-Carrera-1069-2M2-opticagracia.es_1-100x100.jpg 100w, https:\/\/www.opticagracia.com\/wp-content\/uploads\/2024\/11\/Gafas-de-sol-Carrera-1069-2M2-opticagracia.es_1-768x768.jpg 768w, https:\/\/www.opticagracia.com\/wp-content\/uploads\/2024\/11\/Gafas-de-sol-Carrera-1069-2M2-opticagracia.es_1-500x500.jpg 500w, https:\/\/www.opticagracia.com\/wp-content\/uploads\/2024\/11\/Gafas-de-sol-Carrera-1069-2M2-opticagracia.es_1.jpg 1200w\" sizes=\"(max-width: 166px) 100vw, 166px\" \/><p id=\"caption-attachment-18706\" class=\"wp-caption-text\">Ulleres-de-sol-Carrera-1069-2M2-opticagracia.es<\/p><\/div>\n<p data-sourcepos=\"17:3-17:56\"><strong>Ulleres Esportives: Funcionalitat i Estil Din\u00e0mic:<\/strong><\/p>\n<ul data-sourcepos=\"18:5-21:0\">\n<li data-sourcepos=\"18:5-18:150\">Les ulleres de sol esportives, amb dissenys aerodin\u00e0mics i lents envoltants, guanyen popularitat entre els amants de l&#039;esport i l&#039;estil urb\u00e0.<\/li>\n<li data-sourcepos=\"19:5-19:149\">Aquestes ulleres ofereixen una protecci\u00f3 \u00f2ptima contra els raigs UV i el vent, i el disseny modern i din\u00e0mic complementa qualsevol look esportiu.<\/li>\n<li data-sourcepos=\"20:5-21:0\">Aquest tipus d&#039;ulleres solen tenir lents polaritzades, i amb tractaments antireflectants, per a una millor visi\u00f3.<\/li>\n<\/ul>\n<\/li>\n<li data-sourcepos=\"22:1-27:0\">\n<p data-sourcepos=\"22:3-22:55\"><strong>Ulleres Masculines: Doble Pont i Estil Oversize:<\/strong><\/p>\n<ul data-sourcepos=\"23:5-27:0\">\n<li data-sourcepos=\"23:5-23:111\">Les ulleres masculines amb doble pont, inspirades en els cl\u00e0ssics aviadors, tornen amb for\u00e7a el 2025.<\/li>\n<li data-sourcepos=\"24:5-24:148\">Les muntures quadrades i rectangulars d\u02bbestil oversize, amb l\u00ednies definides i estructures robustes, aporten un toc mascul\u00ed i elegant.<\/li>\n<li data-sourcepos=\"25:5-25:147\">Aquest tipus d&#039;ulleres s\u00f3n molt usades per empresaris i professionals de cara al p\u00fablic, ja que donen un aspecte de seguretat i professionalitat. Usades tamb\u00e9 per icones de la moda i influencers.<\/li>\n<li data-sourcepos=\"26:5-27:0\">Les muntures met\u00e0l\u00b7liques, en tons foscos, s\u00f3n molt buscades per homes, ja que donen un toc de serietat.<\/li>\n<\/ul>\n<\/li>\n<\/ul>\n<\/li>\n<\/ul>\n<\/li>\n<\/ul>\n<\/li>\n<\/ul>\n<\/li>\n<\/ul>\n<p data-sourcepos=\"3:1-3:83\"><strong>Protecci\u00f3 UV: Un Escut Essencial per a la Salut Ocular i la Prevenci\u00f3 de Danys<\/strong><\/p>\n<p data-sourcepos=\"5:1-5:272\">L&#039;exposici\u00f3 perllongada a la radiaci\u00f3 ultraviolada (UV) del sol representa un risc significatiu per a la salut ocular. \u00c9s crucial comprendre que la protecci\u00f3 UV a les ulleres de sol no \u00e9s un mer accessori, sin\u00f3 una necessitat per salvaguardar la visi\u00f3 a llarg termini.<\/p>\n<ul>\n<li style=\"list-style-type: none;\">\n<ul data-sourcepos=\"7:1-26:0\">\n<li data-sourcepos=\"7:1-11:0\">\n<p data-sourcepos=\"7:3-7:34\"><strong>Riscos de l&#039;Exposici\u00f3 UV:<\/strong><\/p>\n<ul data-sourcepos=\"8:5-11:0\">\n<li data-sourcepos=\"8:5-8:152\">La radiaci\u00f3 UV pot desencadenar una s\u00e8rie de problemes oculars greus, incloent cataractes, degeneraci\u00f3 macular, pterigi\u00f3 i fotoqueratitis.<\/li>\n<li data-sourcepos=\"9:5-9:119\">L&#039;exposici\u00f3 acumulativa als raigs UV durant la vida augmenta el risc de desenvolupar aquestes afeccions.<\/li>\n<li data-sourcepos=\"10:5-11:0\">\u00c9s important protegir els ulls, tant a l&#039;estiu com a l&#039;hivern, ja que els raigs UV s\u00f3n presents durant tot l&#039;any.<\/li>\n<\/ul>\n<\/li>\n<li data-sourcepos=\"12:1-16:0\">\n<p data-sourcepos=\"12:3-12:43\"><strong>Protecci\u00f3 del 100% contra UVA i UVB:<\/strong><\/p>\n<ul data-sourcepos=\"13:5-16:0\">\n<li data-sourcepos=\"13:5-13:96\">\u00c9s fonamental triar ulleres de sol amb lents que bloquegin el 100% dels raigs UVA i UVB.<\/li>\n<li data-sourcepos=\"14:5-14:122\">Aquesta protecci\u00f3 garanteix que els raigs UV nocius no penetrin als ulls, prevenint danys a curt i llarg termini.<\/li>\n<li data-sourcepos=\"15:5-16:0\">Les lents de sol, deuen estar homologades, i comprar-se a les \u00d2ptiques. Confia en \u00d2ptica Gr\u00e0cia<\/li>\n<\/ul>\n<\/li>\n<li data-sourcepos=\"17:1-21:0\">\n<p data-sourcepos=\"17:3-17:60\"><strong>Lents amb Protecci\u00f3 UV 400: M\u00e0xima Protecci\u00f3 Solar:<\/strong><\/p>\n<ul data-sourcepos=\"18:5-21:0\">\n<li data-sourcepos=\"18:5-18:166\">Les lents amb protecci\u00f3 UV 400 ofereixen la m\u00e0xima protecci\u00f3 contra la radiaci\u00f3 UV, bloquejant tots els raigs amb longituds d&#039;ona fins a 400 nan\u00f2metres.<\/li>\n<li data-sourcepos=\"19:5-19:87\">Aquesta especificaci\u00f3 garanteix una protecci\u00f3 completa contra els raigs UVA i UVB.<\/li>\n<li data-sourcepos=\"20:5-21:0\">Aquest tipus de protecci\u00f3 \u00e9s molt important per a les persones que passen moltes hores a l&#039;aire lliure.<\/li>\n<\/ul>\n<\/li>\n<li data-sourcepos=\"22:1-26:0\">\n<p data-sourcepos=\"22:3-22:34\"><strong>Recomanacions Addicionals:<\/strong><\/p>\n<ul data-sourcepos=\"23:5-26:0\">\n<li data-sourcepos=\"23:5-23:154\">A m\u00e9s de la protecci\u00f3 UV, \u00e9s recomanable triar ulleres de sol amb lents polaritzades per reduir l&#039;enlluernament i millorar la claredat visual.<\/li>\n<li data-sourcepos=\"24:5-24:121\">Les muntures envoltants tamb\u00e9 ofereixen m\u00e9s protecci\u00f3, ja que eviten que els raigs UV entrin pels costats.<\/li>\n<li data-sourcepos=\"25:5-26:0\">Usar gorres o barrets, ajuden a protegir els ulls, de la radiaci\u00f3 solar.<\/li>\n<\/ul>\n<\/li>\n<\/ul>\n<\/li>\n<\/ul>\n<p data-sourcepos=\"29:1-29:43\"><strong>Com Triar les Ulleres de Sol Perfectes:<\/strong><\/p>\n<ul data-sourcepos=\"31:1-45:0\">\n<li data-sourcepos=\"31:1-35:61\"><strong>Considera la forma del teu rostre:<\/strong>\n<ul data-sourcepos=\"32:5-35:61\">\n<li data-sourcepos=\"32:5-32:60\">Rostres ovalats: Qualsevol forma de muntura afavoreix.<\/li>\n<li data-sourcepos=\"33:5-33:69\">Rostres rodons: Muntures angulars i rectangulars estilitzen.<\/li>\n<li data-sourcepos=\"34:5-34:63\">Rostres quadrats: Muntures rodones i ovalades suavitzen.<\/li>\n<li data-sourcepos=\"35:5-35:61\">Rostres Allargats: Ulleres de sol amples per equilibrar.<\/li>\n<\/ul>\n<\/li>\n<\/ul>\n<p data-sourcepos=\"3:1-3:94\"><strong>Com Triar les Ulleres de Sol Perfectes: Troba la Muntura Ideal per al teu Rostre i Estil<\/strong><\/p>\n<p data-sourcepos=\"5:1-5:276\">Escollir les ulleres de sol perfectes va m\u00e9s enll\u00e0 de seguir les darreres tend\u00e8ncies. Es tracta de trobar una muntura que complementi els teus trets facials i realci la teva bellesa natural. A \u00d2ptica Gr\u00e0cia, us ajudem a descobrir les ulleres que millor s&#039;adapten a la forma del vostre rostre.<\/p>\n<ul data-sourcepos=\"7:1-36:0\">\n<li data-sourcepos=\"7:1-12:0\">\n<p data-sourcepos=\"7:3-7:44\"><strong>Rostre Ovalat: Versatilitat i Harmonia<\/strong><\/p>\n<ul data-sourcepos=\"8:5-12:0\">\n<li data-sourcepos=\"8:5-8:87\">Les cares ovalades es caracteritzen pel seu equilibri i proporcions harmonioses.<\/li>\n<li data-sourcepos=\"9:5-9:128\">Gaireb\u00e9 qualsevol forma de muntura afavoreix aquest tipus de rostre, des de les cl\u00e0ssiques aviador fins a les modernes geom\u00e8triques.<\/li>\n<li data-sourcepos=\"10:5-10:107\">La clau \u00e9s triar ulleres que mantinguin l&#039;equilibri natural de la cara i en realcin els trets millors.<\/li>\n<li data-sourcepos=\"11:5-12:0\">Aquest tipus de rostre \u00e9s el m\u00e9s vers\u00e0til, i el que m\u00e9s opcions t\u00e9.<\/li>\n<\/ul>\n<\/li>\n<li data-sourcepos=\"13:1-18:0\">\n<p data-sourcepos=\"13:3-13:47\"><strong>Rostre Rod\u00f3: Definici\u00f3 i Estilitza<\/strong><\/p>\n<ul data-sourcepos=\"14:5-18:0\">\n<li data-sourcepos=\"14:5-14:92\">Les cares rodones es caracteritzen per les galtes plenes i la barbeta arrodonida.<\/li>\n<li data-sourcepos=\"15:5-15:95\">Les muntures angulars i rectangulars ajuden a definir els trets i estilitzar el rostre.<\/li>\n<li data-sourcepos=\"16:5-16:81\">Evita les muntures rodones, ja que poden accentuar la rodonesa de la cara.<\/li>\n<li data-sourcepos=\"17:5-18:0\">Les ulleres quadrades, o rectangulars, ajuden a donar m\u00e9s definici\u00f3.<\/li>\n<\/ul>\n<\/li>\n<li data-sourcepos=\"19:1-24:0\">\n<p data-sourcepos=\"19:3-19:44\"><strong>Rostre Quadrat: Suavitat i Equilibri<\/strong><\/p>\n<ul data-sourcepos=\"20:5-24:0\">\n<li data-sourcepos=\"20:5-20:87\">Les cares quadrades es caracteritzen per la seva mand\u00edbula marcada i el seu front ample.<\/li>\n<li data-sourcepos=\"21:5-21:100\">Les muntures rodones i ovalades suavitzen els trets angulars i aporten equilibri a la cara.<\/li>\n<li data-sourcepos=\"22:5-22:79\">Evita les muntures quadrades, ja que poden endurir encara m\u00e9s els trets.<\/li>\n<li data-sourcepos=\"23:5-24:0\">Les ulleres rodones, o ovalades, ajuden a suavitzar els trets.<\/li>\n<\/ul>\n<\/li>\n<li data-sourcepos=\"25:1-30:0\">\n<p data-sourcepos=\"25:3-25:43\"><strong>Rostre Allargat: Proporci\u00f3 i Harmonia<\/strong><\/p>\n<ul data-sourcepos=\"26:5-30:0\">\n<li data-sourcepos=\"26:5-26:72\">Les cares allargades es caracteritzen per la seva longitud i estretor.<\/li>\n<li data-sourcepos=\"27:5-27:129\">Les ulleres de sol amples, amb muntures grans o detalls als laterals, ajuden a equilibrar les proporcions del rostre.<\/li>\n<li data-sourcepos=\"28:5-28:76\">Evita les muntures estretes, ja que poden allargar encara m\u00e9s la cara.<\/li>\n<li data-sourcepos=\"29:5-30:0\">Les ulleres amples ajudaran a donar m\u00e9s amplitud a la cara.<\/li>\n<\/ul>\n<\/li>\n<li data-sourcepos=\"31:1-36:0\">\n<p data-sourcepos=\"31:3-31:27\"><strong>Consells Addicionals:<\/strong><\/p>\n<ul data-sourcepos=\"32:5-36:0\">\n<li data-sourcepos=\"32:5-32:98\">A m\u00e9s de la forma de la cara, considera la mida de la muntura en relaci\u00f3 amb els teus trets.<\/li>\n<li data-sourcepos=\"33:5-33:75\">Trieu ulleres que s&#039;ajustin c\u00f2modament i no llisquin pel nas.<\/li>\n<li data-sourcepos=\"34:5-34:105\">No tingueu por de provar diferents estils i colors fins a trobar les ulleres perfectes per a tu.<\/li>\n<li data-sourcepos=\"35:5-36:0\">El m\u00e9s important \u00e9s sentir-te c\u00f2moda o c\u00f2mode, i segura amb les ulleres.<\/li>\n<\/ul>\n<\/li>\n<\/ul>\n<ul data-sourcepos=\"31:1-45:0\">\n<li data-sourcepos=\"36:1-39:71\"><strong>Trieu el tipus de lent adequat:<\/strong>\n<ul data-sourcepos=\"37:5-39:71\">\n<li data-sourcepos=\"37:5-37:53\">Lents polaritzades: Redueixen l&#039;enlluernament ideal per conduir i navegar.<\/li>\n<li data-sourcepos=\"38:5-38:49\">Lents fotocrom\u00e0tiques: S&#039;adapten a la llum afavorint la nostra comoditat perqu\u00e8 no han d&#039;anar canviant d&#039;ulleres a cada moment, ja que s&#039;activen en contacte amb la radiaci\u00f3 solar i s&#039;aclareixen a interiors o de nit.<\/li>\n<li data-sourcepos=\"39:5-39:71\">Lents amb tractaments antireflectants, per millorar la visi\u00f3 afavorint la percepci\u00f3 m\u00e9s natural.<\/li>\n<\/ul>\n<\/li>\n<\/ul>\n<p data-sourcepos=\"3:1-3:108\"><strong>Tria el Tipus de Lent Adequat: Optimitza la teva Visi\u00f3 i Protegeix els teus Ulls amb la Tecnologia \u00d2ptica Avan\u00e7ada<\/strong><\/p>\n<p data-sourcepos=\"5:1-5:271\">Lelecci\u00f3 del tipus de lent \u00e9s fonamental per garantir una visi\u00f3 \u00f2ptima i protegir els teus ulls dels diferents factors ambientals. A \u00d2ptica Gr\u00e0cia, us oferim una \u00e0mplia varietat de lents d&#039;alta qualitat, dissenyades per satisfer les vostres necessitats espec\u00edfiques.<\/p>\n<div id=\"attachment_17435\" style=\"width: 178px\" class=\"wp-caption alignleft\"><img loading=\"lazy\" decoding=\"async\" aria-describedby=\"caption-attachment-17435\" class=\"wp-image-17435\" src=\"https:\/\/www.opticagracia.com\/wp-content\/uploads\/2023\/01\/Gafas-de-sol-RayBan-0840S-901-58-opticagracia.es_1-650x650.jpg\" alt=\"Ulleres-de-sol-RayBan-0840S-901-58-opticagracia.es\" width=\"168\" height=\"168\" srcset=\"https:\/\/www.opticagracia.com\/wp-content\/uploads\/2023\/01\/Gafas-de-sol-RayBan-0840S-901-58-opticagracia.es_1-650x650.jpg 650w, https:\/\/www.opticagracia.com\/wp-content\/uploads\/2023\/01\/Gafas-de-sol-RayBan-0840S-901-58-opticagracia.es_1-100x100.jpg 100w, https:\/\/www.opticagracia.com\/wp-content\/uploads\/2023\/01\/Gafas-de-sol-RayBan-0840S-901-58-opticagracia.es_1-768x768.jpg 768w, https:\/\/www.opticagracia.com\/wp-content\/uploads\/2023\/01\/Gafas-de-sol-RayBan-0840S-901-58-opticagracia.es_1-500x500.jpg 500w, https:\/\/www.opticagracia.com\/wp-content\/uploads\/2023\/01\/Gafas-de-sol-RayBan-0840S-901-58-opticagracia.es_1.jpg 900w\" sizes=\"(max-width: 168px) 100vw, 168px\" \/><p id=\"caption-attachment-17435\" class=\"wp-caption-text\">Ulleres-de-sol-RayBan-0840S-901-58-opticagracia.es<\/p><\/div>\n<ul data-sourcepos=\"7:1-24:0\">\n<li data-sourcepos=\"7:1-12:0\">\n<p data-sourcepos=\"7:3-7:62\"><strong>Lents Polaritzades: Visi\u00f3 N\u00edtida i Sense Enlluernament:<\/strong><\/p>\n<ul data-sourcepos=\"8:5-12:0\">\n<li data-sourcepos=\"8:5-8:150\">Les lents polaritzades s\u00f3n essencials per reduir l&#039;enlluernament causat per superf\u00edcies reflectores, com l&#039;aigua, la neu o l&#039;asfalt.<\/li>\n<li data-sourcepos=\"9:5-9:174\">S\u00f3n ideals per conduir, navegar, practicar esports aqu\u00e0tics o gaudir d&#039;activitats exteriors, ja que milloren la claredat visual i redueixen la fatiga ocular.<\/li>\n<li data-sourcepos=\"10:5-10:83\">Aquest tipus de lent \u00e9s molt \u00fatil per a persones amb alta sensibilitat a la llum.<\/li>\n<li data-sourcepos=\"11:5-12:0\">Les ulleres polaritzades s\u00f3n imprescindibles per a la conducci\u00f3.<\/li>\n<\/ul>\n<\/li>\n<li data-sourcepos=\"13:1-18:0\">\n<p data-sourcepos=\"13:3-13:76\"><strong>Lents Fotocrom\u00e0tiques: Adaptabilitat i Comoditat a Qualsevol Entorn:<\/strong><\/p>\n<ul data-sourcepos=\"14:5-18:0\">\n<li data-sourcepos=\"14:5-14:138\">Les lents fotocrom\u00e0tiques s&#039;adapten autom\u00e0ticament als canvis de llum, enfosquint-se a exteriors i aclarint-se a interiors.<\/li>\n<li data-sourcepos=\"15:5-15:113\">Aquesta versatilitat ofereix una comoditat excepcional, ja que no cal canviar dulleres constantment.<\/li>\n<li data-sourcepos=\"16:5-16:124\">S\u00f3n ideals per a persones que passen molt de temps a l&#039;aire lliure o que es desplacen entre diferents entorns lum\u00ednics.<\/li>\n<li data-sourcepos=\"17:5-18:0\">Aquest tipus de lents s\u00f3n molt \u00fatils per a persones que no volen haver de canviar d&#039;ulleres, a cada moment.<\/li>\n<\/ul>\n<\/li>\n<li data-sourcepos=\"19:1-24:0\">\n<p data-sourcepos=\"19:3-19:85\"><strong>Lents amb Tractaments Antireflexants: Claredat Visual i Percepci\u00f3 Natural:<\/strong><\/p>\n<ul data-sourcepos=\"20:5-24:0\">\n<li data-sourcepos=\"20:5-20:158\">Els tractaments antireflexants eliminen els reflexos molestos a la superf\u00edcie de les lents, millorant la claredat visual i la percepci\u00f3 del color.<\/li>\n<li data-sourcepos=\"21:5-21:146\">Redueixen la fatiga ocular i milloren la comoditat visual, especialment en entorns amb molta llum artificial o durant la conducci\u00f3 nocturna.<\/li>\n<li data-sourcepos=\"22:5-22:144\">Aquest tipus de lents ajuden a millorar la qualitat de la visi\u00f3, i s\u00f3n molt \u00fatils per a persones que passen moltes hores davant de pantalles.<\/li>\n<li data-sourcepos=\"23:5-24:0\">Aquest tipus de lents s\u00f3n molt \u00fatils per a persones amb alta sensibilitat a la llum.<\/li>\n<\/ul>\n<\/li>\n<\/ul>\n<ul data-sourcepos=\"31:1-45:0\">\n<li data-sourcepos=\"40:1-42:95\"><strong>Material de la muntura:<\/strong>\n<ul data-sourcepos=\"41:5-42:95\">\n<li data-sourcepos=\"41:5-41:76\">Els materials lleugers s\u00f3n els millors per no notar que portes ulleres.<\/li>\n<li data-sourcepos=\"42:5-42:95\">Els materials resistents s\u00f3n els millors perqu\u00e8 les ulleres de sol durin en el temps.<\/li>\n<\/ul>\n<\/li>\n<li data-sourcepos=\"43:1-45:0\"><strong>Protecci\u00f3 lateral:<\/strong>\n<ul data-sourcepos=\"44:5-45:0\">\n<li data-sourcepos=\"44:5-45:0\">Les muntures envoltants protegeixen els ulls dels raigs UV que entren pels costats.<\/li>\n<\/ul>\n<\/li>\n<\/ul>\n<p data-sourcepos=\"46:1-46:35\"><strong>Ulleres de Sol per a Cada Ocasi\u00f3:<\/strong><\/p>\n<ul data-sourcepos=\"48:1-52:0\">\n<li data-sourcepos=\"48:1-48:78\"><strong>Esport:<\/strong> Ulleres esportives amb lents polaritzades i muntures resistents.<\/li>\n<li data-sourcepos=\"49:1-49:58\"><strong>Ciutat:<\/strong> Ulleres de disseny elegant i muntures lleugeres.<\/li>\n<li data-sourcepos=\"50:1-50:77\"><strong>Conducci\u00f3:<\/strong> Ulleres amb lents polaritzades i tractament antireflexant.<\/li>\n<li data-sourcepos=\"51:1-52:0\"><strong>Platja:<\/strong> Ulleres amb m\u00e0xima protecci\u00f3 UV i lents de colors foscos factor 3<\/li>\n<\/ul>\n<p data-sourcepos=\"3:1-3:82\"><strong>Ulleres de Sol per a Cada Ocasi\u00f3: Protecci\u00f3 i Estil a Cada Moment de la teva Vida<\/strong><\/p>\n<p data-sourcepos=\"5:1-5:228\">A \u00d2ptica Gr\u00e0cia, entenem que les ulleres de sol s\u00f3n un complement essencial per a cada activitat i estil de vida. Per aix\u00f2, us oferim una \u00e0mplia varietat d&#039;ulleres de sol dissenyades per satisfer les vostres necessitats espec\u00edfiques.<\/p>\n<ul data-sourcepos=\"7:1-30:0\">\n<li data-sourcepos=\"7:1-12:0\">\n<p data-sourcepos=\"7:3-7:47\"><strong>Esport: Protecci\u00f3 i Rendiment \u00d2ptim:<\/strong><\/p>\n<ul data-sourcepos=\"8:5-12:0\">\n<li data-sourcepos=\"8:5-8:167\">Les ulleres esportives, amb lents polaritzades i muntures resistents, s\u00f3n ideals per a activitats a l&#039;aire lliure com c\u00f3rrer, ciclisme, golf o esports aqu\u00e0tics.<\/li>\n<li data-sourcepos=\"9:5-9:135\">El disseny aerodin\u00e0mic i envolupant protegeix els ulls del vent, la pols i els raigs UV, garantint una visi\u00f3 clara i n\u00edtida.<\/li>\n<li data-sourcepos=\"10:5-10:138\">Aquest tipus d&#039;ulleres s\u00f3n molt utilitzades per esportistes d&#039;alt rendiment i per persones que practiquen esport en el temps lliure.<\/li>\n<li data-sourcepos=\"11:5-12:0\">Les ulleres esportives deuen tenir una bona subjecci\u00f3, perqu\u00e8 no es moguin, o caiguin.<\/li>\n<\/ul>\n<\/li>\n<li data-sourcepos=\"13:1-18:0\">\n<p data-sourcepos=\"13:3-13:52\"><strong>Ciutat: Estil Urb\u00e0 i Eleg\u00e0ncia Sofisticada:<\/strong><\/p>\n<ul data-sourcepos=\"14:5-18:0\">\n<li data-sourcepos=\"14:5-14:131\">Les ulleres de disseny elegant, amb muntures lleugeres i estiloses, s\u00f3n perfectes per complementar el teu look urb\u00e0 i sofisticat.<\/li>\n<li data-sourcepos=\"15:5-15:139\">Des de muntures cl\u00e0ssiques fins a dissenys moderns i avantguardistes, trobareu les ulleres ideals per a cada ocasi\u00f3 social o professional.<\/li>\n<li data-sourcepos=\"16:5-16:86\">Aquest tipus d&#039;ulleres s\u00f3n molt usades per persones que treballen de cara al p\u00fablic.<\/li>\n<li data-sourcepos=\"17:5-18:0\">Les ulleres de sol s\u00f3n un complement ideal per vestir la moda.<\/li>\n<\/ul>\n<\/li>\n<li data-sourcepos=\"19:1-24:0\">\n<p data-sourcepos=\"19:3-19:59\"><strong>Conducci\u00f3: Seguretat i Visi\u00f3 Clara a la Carretera:<\/strong><\/p>\n<ul data-sourcepos=\"20:5-24:0\">\n<li data-sourcepos=\"20:5-20:124\">Les ulleres amb lents polaritzades i tractament antireflexant s\u00f3n essencials per conduir amb seguretat i comoditat.<\/li>\n<li data-sourcepos=\"21:5-21:158\">Redueixen l&#039;enlluernament causat pel sol, els fars i les superf\u00edcies reflectores, millorant la claredat visual i la percepci\u00f3 de la profunditat.<\/li>\n<li data-sourcepos=\"22:5-22:95\">Aquest tipus d&#039;ulleres s\u00f3n imprescindibles per a persones que passen moltes hores conduint.<\/li>\n<li data-sourcepos=\"23:5-24:0\">Les ulleres per conduir, deuen tenir una bona visi\u00f3 lateral, per no tenir punts morts.<\/li>\n<\/ul>\n<\/li>\n<li data-sourcepos=\"25:1-30:0\">\n<p data-sourcepos=\"25:3-25:49\"><strong>Platja: Protecci\u00f3 M\u00e0xima i Estil Tropical:<\/strong><\/p>\n<ul data-sourcepos=\"26:5-30:0\">\n<li data-sourcepos=\"26:5-26:163\">Les ulleres amb m\u00e0xima protecci\u00f3 UV i lents de colors foscos factor 3 s\u00f3n imprescindibles per protegir els teus ulls de la intensa radiaci\u00f3 solar a la platja.<\/li>\n<li data-sourcepos=\"27:5-27:130\">Les lents de colors foscos, com el marr\u00f3, el gris o el verd, redueixen l&#039;enlluernament i milloren el contrast visual.<\/li>\n<li data-sourcepos=\"28:5-28:97\">\u00c9s important que les ulleres de sol per a la platja, protegeixin tant del sol com de la sorra.<\/li>\n<li data-sourcepos=\"29:5-30:0\">Usar ulleres de sol a la platja, ajuda a prevenir malalties oculars.<\/li>\n<\/ul>\n<\/li>\n<\/ul>\n<p data-sourcepos=\"53:1-53:15\"><img loading=\"lazy\" decoding=\"async\" class=\"wp-image-20112 alignleft\" src=\"https:\/\/www.opticagracia.com\/wp-content\/uploads\/2025\/04\/Sessio-corporativa-84-433x650.jpg\" alt=\"M\u00f2nica Gr\u00e0cia Assessora Visual\" width=\"214\" height=\"321\" \/><\/p>\n<p data-sourcepos=\"53:1-53:15\"><strong>Conclusi\u00f3:<\/strong><\/p>\n<p data-sourcepos=\"55:1-55:234\">A \u00d2ptica Gr\u00e0cia, us oferim una \u00e0mplia selecci\u00f3 d&#039;ulleres de sol d&#039;alta qualitat, amb les \u00faltimes tend\u00e8ncies i la millor protecci\u00f3 per als vostres ulls.<\/p>\n<p data-sourcepos=\"55:1-55:234\">Visita&#039;ns i descobreix les ulleres perfectes que reflecteixin el teu estil i protegeixin la teva visi\u00f3.<\/p>\n<p data-sourcepos=\"55:1-55:234\"><a href=\"https:\/\/www.opticagracia.com\/ca\/contacto\/\">Contacta amb nosaltres per a un assessorament personalitzat.<\/a><\/p>","protected":false},"excerpt":{"rendered":"<p>A \u00d2ptica Gr\u00e0cia, sabem que les ulleres de sol s\u00f3n molt m\u00e9s que un simple accessori de moda. El 2025, les ulleres de sol de tend\u00e8ncia han esdevingut una declaraci\u00f3 d&#039;estil i una eina essencial per protegir la teva salut visual. Aquest article us guiar\u00e0 a trav\u00e9s de les \u00faltimes tend\u00e8ncies en ulleres<br \/><a class=\"moretag\" href=\"https:\/\/www.opticagracia.com\/ca\/gafas-de-sol-2025-tendencias-proteccion-uv-y-estilo-para-tu-salud-visual\/\">+ Read More<\/a><\/p>","protected":false},"author":6,"featured_media":20109,"comment_status":"closed","ping_status":"closed","sticky":false,"template":"","format":"standard","meta":{"footnotes":""},"categories":[120],"tags":[],"class_list":["post-20108","post","type-post","status-publish","format-standard","has-post-thumbnail","hentry","category-noticias"],"_links":{"self":[{"href":"https:\/\/www.opticagracia.com\/ca\/wp-json\/wp\/v2\/posts\/20108","targetHints":{"allow":["GET"]}}],"collection":[{"href":"https:\/\/www.opticagracia.com\/ca\/wp-json\/wp\/v2\/posts"}],"about":[{"href":"https:\/\/www.opticagracia.com\/ca\/wp-json\/wp\/v2\/types\/post"}],"author":[{"embeddable":true,"href":"https:\/\/www.opticagracia.com\/ca\/wp-json\/wp\/v2\/users\/6"}],"replies":[{"embeddable":true,"href":"https:\/\/www.opticagracia.com\/ca\/wp-json\/wp\/v2\/comments?post=20108"}],"version-history":[{"count":0,"href":"https:\/\/www.opticagracia.com\/ca\/wp-json\/wp\/v2\/posts\/20108\/revisions"}],"wp:featuredmedia":[{"embeddable":true,"href":"https:\/\/www.opticagracia.com\/ca\/wp-json\/wp\/v2\/media\/20109"}],"wp:attachment":[{"href":"https:\/\/www.opticagracia.com\/ca\/wp-json\/wp\/v2\/media?parent=20108"}],"wp:term":[{"taxonomy":"category","embeddable":true,"href":"https:\/\/www.opticagracia.com\/ca\/wp-json\/wp\/v2\/categories?post=20108"},{"taxonomy":"post_tag","embeddable":true,"href":"https:\/\/www.opticagracia.com\/ca\/wp-json\/wp\/v2\/tags?post=20108"}],"curies":[{"name":"wp","href":"https:\/\/api.w.org\/{rel}","templated":true}]}}