{"id":20353,"date":"2025-11-01T17:16:27","date_gmt":"2025-11-01T16:16:27","guid":{"rendered":"https:\/\/www.opticagracia.com\/?p=20353"},"modified":"2025-11-01T17:16:27","modified_gmt":"2025-11-01T16:16:27","slug":"treballa-amb-nosaltres-oferta-de-feina","status":"publish","type":"post","link":"https:\/\/www.opticagracia.com\/ca\/treballa-amb-nosaltres-oferta-de-feina\/","title":{"rendered":"TREBALLA AMB NOSALTRES \u2013 OFERTA DE FEINA"},"content":{"rendered":"<p>A \u00d2PTICA de PLATJA D&#039;ARO estem buscant una nova incorporaci\u00f3 per al nostre equip!\u00a0<strong>Contacta amb nosaltresCV: hola@opticagracia.com<\/strong><\/p>\n<p>Si t&#039;apassiona el m\u00f3n de l&#039;\u00f2ptica, la moda i l&#039;atenci\u00f3 personalitzada al client\u2026 aquest \u00e9s el teu lloc:<\/p>\n<p>INCORPORACIONS com a:<\/p>\n<p><strong>1<\/strong>\u2013 Assessora i atenci\u00f3 al p\u00fablic, dependent<\/p>\n<p><strong>2<\/strong>\u2013 \u00f2ptica Optometrista.<\/p>\n<p>&nbsp;<\/p>\n<p>Treballa amb nosaltres a\u00a0<strong>\u00d2ptica de Platja d&#039;Aro<\/strong>, una \u00f2ptica de refer\u00e8ncia amb un ambient din\u00e0mic i proper.<\/p>\n<p>Disponibilitat per jornada entera 40 h o redu\u00efda a convenir.<\/p>\n<p>&nbsp;<\/p>\n<p>Valorem molt el domini d&#039;idiomes \u2013 Imprescindible Angl\u00e8s i les ganes d&#039;aprendre i cr\u00e9ixer dins el sector.<\/p>\n<p>&nbsp;<\/p>\n<p>T&#039;oferim formaci\u00f3, bon ambient i l&#039;oportunitat d&#039;assessorar clients que busquin molt m\u00e9s que unes ulleres. Treballem amb\u00a0<strong>ulleres de moda<\/strong>\u00a0i marques de luxe.<\/p>\n<p>&nbsp;<\/p>\n<p>T&#039;hi veus? Et volem con\u00e8ixer<\/p>","protected":false},"excerpt":{"rendered":"<p>A \u00d2PTICA de PLATJA D&#039;ARO estem buscant una nova incorporaci\u00f3 per al nostre equip! Contacta amb nosaltresCV: hola@opticagracia.com Si t&#039;apassiona el m\u00f3n de l&#039;\u00f2ptica, la moda i l&#039;atenci\u00f3 personalitzada al client\u2026 aquest \u00e9s el teu lloc: INCORPORACIONS com a: 1\u2013 Assessora i atenci\u00f3 al p\u00fablic, dependent 2\u2013 \u00f2ptica Optometrista.  Treballa amb nosaltres a \u00d2ptica de Platja d&#039;Aro, una \u00f2ptica de refer\u00e8ncia amb un ambient din\u00e0mic i proper. Disponibilitat per jornada entera 40 h o redu\u00efda a convenir.  Valorem molt el domini d&#039;idiomes \u2013 Imprescindible Angl\u00e8s i les ganes d&#039;aprendre i cr\u00e9ixer dins el sector.  T&#039;oferim formaci\u00f3, bon ambient i l&#039;oportunitat d&#039;assessorar clients que busquin molt m\u00e9s que unes ulleres. Treballem amb ulleres de moda i marques de luxe.  T&#039;hi veus? Et volem con\u00e8ixer<\/p>","protected":false},"author":6,"featured_media":0,"comment_status":"closed","ping_status":"closed","sticky":false,"template":"","format":"standard","meta":{"footnotes":""},"categories":[120],"tags":[],"class_list":["post-20353","post","type-post","status-publish","format-standard","hentry","category-noticias"],"_links":{"self":[{"href":"https:\/\/www.opticagracia.com\/ca\/wp-json\/wp\/v2\/posts\/20353","targetHints":{"allow":["GET"]}}],"collection":[{"href":"https:\/\/www.opticagracia.com\/ca\/wp-json\/wp\/v2\/posts"}],"about":[{"href":"https:\/\/www.opticagracia.com\/ca\/wp-json\/wp\/v2\/types\/post"}],"author":[{"embeddable":true,"href":"https:\/\/www.opticagracia.com\/ca\/wp-json\/wp\/v2\/users\/6"}],"replies":[{"embeddable":true,"href":"https:\/\/www.opticagracia.com\/ca\/wp-json\/wp\/v2\/comments?post=20353"}],"version-history":[{"count":0,"href":"https:\/\/www.opticagracia.com\/ca\/wp-json\/wp\/v2\/posts\/20353\/revisions"}],"wp:attachment":[{"href":"https:\/\/www.opticagracia.com\/ca\/wp-json\/wp\/v2\/media?parent=20353"}],"wp:term":[{"taxonomy":"category","embeddable":true,"href":"https:\/\/www.opticagracia.com\/ca\/wp-json\/wp\/v2\/categories?post=20353"},{"taxonomy":"post_tag","embeddable":true,"href":"https:\/\/www.opticagracia.com\/ca\/wp-json\/wp\/v2\/tags?post=20353"}],"curies":[{"name":"wp","href":"https:\/\/api.w.org\/{rel}","templated":true}]}}