{"id":13099,"date":"2021-03-01T17:20:16","date_gmt":"2021-03-01T16:20:16","guid":{"rendered":"https:\/\/www.opticagracia.com\/?p=13099"},"modified":"2025-02-22T17:12:27","modified_gmt":"2025-02-22T16:12:27","slug":"quieres-saber-como-cuidar-tus-gafas-para-que-te-duren-mas-tiempo","status":"publish","type":"post","link":"https:\/\/www.opticagracia.com\/fr\/quieres-saber-como-cuidar-tus-gafas-para-que-te-duren-mas-tiempo\/","title":{"rendered":"Voulez-vous savoir comment prendre soin de vos lunettes pour qu'elles durent plus longtemps?"},"content":{"rendered":"<p style=\"text-align: center;\"><span style=\"font-size: 14pt;\">Voulez-vous savoir comment prendre soin de vos lunettes pour qu'elles durent plus longtemps? <strong>Voir<\/strong><\/span>\u00a0<\/p>\n<p><img fetchpriority=\"high\" decoding=\"async\" class=\"wp-image-13101 alignleft\" src=\"https:\/\/www.opticagracia.com\/wp-content\/uploads\/2021\/03\/Gafas-Tom-Ford-ClipOn-5689-052-Imatge-Optica-Gracia.jpg\" alt=\"Tom-Ford Lunettes \u00e0 clip 5689-052 - Imatge \u00d2ptica Gr\u00e0cia\" width=\"350\" height=\"330\" srcset=\"https:\/\/www.opticagracia.com\/wp-content\/uploads\/2021\/03\/Gafas-Tom-Ford-ClipOn-5689-052-Imatge-Optica-Gracia.jpg 603w, https:\/\/www.opticagracia.com\/wp-content\/uploads\/2021\/03\/Gafas-Tom-Ford-ClipOn-5689-052-Imatge-Optica-Gracia-500x472.jpg 500w, https:\/\/www.opticagracia.com\/wp-content\/uploads\/2021\/03\/Gafas-Tom-Ford-ClipOn-5689-052-Imatge-Optica-Gracia-100x94.jpg 100w\" sizes=\"(max-width: 350px) 100vw, 350px\" \/><\/p>\n<p style=\"text-align: justify;\">Un jour viendra certainement o\u00f9 vous porterez vos lunettes sur le bout du nez sans savoir pourquoi, et ce n'est pas parce que vous avez un nez de pinocchio, et o\u00f9 les verres ne seront plus ce qu'ils \u00e9taient le premier jour.<\/p>\n<p style=\"text-align: justify;\">Nous avons pens\u00e9 que nous pourrions vous aider \u00e0 faire durer vos lunettes plus longtemps. Nous avons donc pr\u00e9par\u00e9 quelques conseils utiles pour \u00e9gayer votre journ\u00e9e !<\/p>\n<p style=\"text-align: justify;\"><strong>1<\/strong> Gardez-les toujours dans leur \u00e9tui lorsqu'ils ne sont pas utilis\u00e9s. Ne les transportez pas en vrac dans votre sac ou dans une poche non prot\u00e9g\u00e9e. Nous vous recommandons de ne pas les porter sur la t\u00eate, car ils peuvent se d\u00e9former et m\u00eame tomber par terre \u00e0 tout moment.<\/p>\n<p style=\"text-align: justify;\"><strong>2<\/strong> ne les laissez jamais \u00e0 l'envers de mani\u00e8re \u00e0 ce que les lentilles touchent la table ou tout autre endroit, car elles se d\u00e9t\u00e9riorent et se rayent facilement. Si vous devez les laisser sur une table, laissez-les face vers le haut et bien positionn\u00e9s.<\/p>\n<p style=\"text-align: justify;\"><strong>3<\/strong>\u00c9vitez que vos lunettes n'entrent en contact avec des produits agressifs tels que l'alcool, le gel hydroalcoolique, les eaux de Cologne, la laque et, surtout, les produits capillaires.<\/p>\n<p style=\"text-align: justify;\"><strong>4<\/strong> N'exposez pas les lunettes \u00e0 des temp\u00e9ratures excessives pendant une p\u00e9riode prolong\u00e9e. Ne les laissez pas expos\u00e9es au soleil dans la voiture, car elles atteignent des temp\u00e9ratures \u00e9lev\u00e9es et ont tendance \u00e0 se d\u00e9former. Veillez \u00e9galement \u00e0 ne pas les laisser sur le sable \u00e0 la plage, par exemple, car il est tr\u00e8s chaud et raye les verres.<\/p>\n<p style=\"text-align: justify;\"><strong>5<\/strong> Nettoyez-les uniquement \u00e0 l'aide du chiffon en microfibres que nous vous avons fourni dans l'emballage. <strong>\u00d2ptica Gr\u00e0cia<\/strong>.<img decoding=\"async\" class=\"alignright wp-image-13109\" src=\"https:\/\/www.opticagracia.com\/wp-content\/uploads\/2021\/03\/Optica-Gracia-Camussa-neteja-vidres.jpg\" alt=\"\u00d2ptica Gr\u00e0cia - Camussa neteja vidres\" width=\"350\" height=\"253\" srcset=\"https:\/\/www.opticagracia.com\/wp-content\/uploads\/2021\/03\/Optica-Gracia-Camussa-neteja-vidres.jpg 800w, https:\/\/www.opticagracia.com\/wp-content\/uploads\/2021\/03\/Optica-Gracia-Camussa-neteja-vidres-500x361.jpg 500w, https:\/\/www.opticagracia.com\/wp-content\/uploads\/2021\/03\/Optica-Gracia-Camussa-neteja-vidres-650x470.jpg 650w, https:\/\/www.opticagracia.com\/wp-content\/uploads\/2021\/03\/Optica-Gracia-Camussa-neteja-vidres-100x72.jpg 100w, https:\/\/www.opticagracia.com\/wp-content\/uploads\/2021\/03\/Optica-Gracia-Camussa-neteja-vidres-768x555.jpg 768w\" sizes=\"(max-width: 350px) 100vw, 350px\" \/><\/p>\n<p style=\"text-align: justify;\">(Lorsque vous achetez une paire de lunettes, nous vous en offrons une pour que vous l'ayez toujours \u00e0 port\u00e9e de main).<\/p>\n<p style=\"text-align: justify;\">N'oubliez pas de toujours le nettoyer en d\u00e9pla\u00e7ant votre main en ligne droite.<br \/>\nNe faites pas de cercle en continu, car cela ne fait que d\u00e9placer la salet\u00e9 et ne l'\u00e9limine pas de l'objectif.<br \/>\n\u00c9vitez toujours d'utiliser des maillots et la premi\u00e8re chose que vous trouvez pour les nettoyer.<\/p>\n<p style=\"text-align: justify;\"><strong>6<\/strong> visiter <strong>\u00d2ptica Gr\u00e0cia<\/strong> p\u00e9riodiquement pour r\u00e9ajuster vos lunettes et les affiner.<\/p>\n<h3 style=\"text-align: center;\">Il s'agit d'un service gratuit que nous vous offrons en guise de garantie<\/h3>\n<p style=\"text-align: justify;\">N'oubliez pas de nous rendre visite p\u00e9riodiquement pour v\u00e9rifier votre sant\u00e9 visuelle. Vous pourrez ainsi nous dire comment vous vous portez depuis ces derniers mois et nous vous reverrons.<\/p>\n<p style=\"text-align: justify;\">*Tout cela, je suis s\u00fbr que vous le saviez d\u00e9j\u00e0, mais nous sommes l\u00e0 pour vous le rappeler.<\/p>\n<h4 style=\"text-align: center;\">MERCI D'\u00caTRE ARRIV\u00c9 JUSQU'ICI<\/h4>\n<p style=\"text-align: center;\">Suivez ce blog ou notre instagram <a href=\"https:\/\/www.instagram.com\/opticagracia\" target=\"_blank\" rel=\"noopener\"><strong>@opticagracia<\/strong><\/a> pour d'autres conseils comme celui-ci.<\/p>","protected":false},"excerpt":{"rendered":"<p>Vous voulez savoir comment entretenir vos lunettes pour qu'elles durent plus longtemps ? Ecoutez, je suis s\u00fbr qu'il arrive un jour o\u00f9 vous portez vos lunettes sur le bout du nez sans savoir pourquoi, et ce n'est pas parce que vous avez un nez de pinocchio, et s\u00fbrement que les verres ne sont plus comme au premier jour. Nous avons pens\u00e9<br \/><a class=\"moretag\" href=\"https:\/\/www.opticagracia.com\/fr\/quieres-saber-como-cuidar-tus-gafas-para-que-te-duren-mas-tiempo\/\">+ Lire la suite<\/a><\/p>","protected":false},"author":6,"featured_media":13109,"comment_status":"closed","ping_status":"closed","sticky":false,"template":"","format":"standard","meta":{"footnotes":""},"categories":[120],"tags":[],"class_list":["post-13099","post","type-post","status-publish","format-standard","has-post-thumbnail","hentry","category-noticias"],"_links":{"self":[{"href":"https:\/\/www.opticagracia.com\/fr\/wp-json\/wp\/v2\/posts\/13099","targetHints":{"allow":["GET"]}}],"collection":[{"href":"https:\/\/www.opticagracia.com\/fr\/wp-json\/wp\/v2\/posts"}],"about":[{"href":"https:\/\/www.opticagracia.com\/fr\/wp-json\/wp\/v2\/types\/post"}],"author":[{"embeddable":true,"href":"https:\/\/www.opticagracia.com\/fr\/wp-json\/wp\/v2\/users\/6"}],"replies":[{"embeddable":true,"href":"https:\/\/www.opticagracia.com\/fr\/wp-json\/wp\/v2\/comments?post=13099"}],"version-history":[{"count":0,"href":"https:\/\/www.opticagracia.com\/fr\/wp-json\/wp\/v2\/posts\/13099\/revisions"}],"wp:featuredmedia":[{"embeddable":true,"href":"https:\/\/www.opticagracia.com\/fr\/wp-json\/wp\/v2\/media\/13109"}],"wp:attachment":[{"href":"https:\/\/www.opticagracia.com\/fr\/wp-json\/wp\/v2\/media?parent=13099"}],"wp:term":[{"taxonomy":"category","embeddable":true,"href":"https:\/\/www.opticagracia.com\/fr\/wp-json\/wp\/v2\/categories?post=13099"},{"taxonomy":"post_tag","embeddable":true,"href":"https:\/\/www.opticagracia.com\/fr\/wp-json\/wp\/v2\/tags?post=13099"}],"curies":[{"name":"wp","href":"https:\/\/api.w.org\/{rel}","templated":true}]}}