{"id":13130,"date":"2021-03-15T17:49:23","date_gmt":"2021-03-15T16:49:23","guid":{"rendered":"https:\/\/www.opticagracia.com\/?p=13130"},"modified":"2025-02-22T17:12:16","modified_gmt":"2025-02-22T16:12:16","slug":"glaucoma","status":"publish","type":"post","link":"https:\/\/www.opticagracia.com\/fr\/glaucoma\/","title":{"rendered":"Glaucome"},"content":{"rendered":"<h3 style=\"text-align: center;\">Comment savoir si vous avez un glaucome ? Qu'est-ce que le glaucome ?<\/h3>\n<p>Nous avons pens\u00e9 qu'il serait utile que vous en sachiez un peu plus sur cette maladie.<\/p>\n<p style=\"text-align: justify;\"><img fetchpriority=\"high\" decoding=\"async\" class=\"alignleft wp-image-16169\" title=\"\u00d2ptica Gr\u00e0cia - Qu&#039;est-ce que le glaucome ?\" src=\"https:\/\/www.opticagracia.com\/wp-content\/uploads\/2021\/03\/Optica-Gracia-Que-es-el-Glaucoma-1.jpg\" alt=\"\u00d2ptica Gr\u00e0cia - Qu&#039;est-ce que le glaucome ?\" width=\"400\" height=\"364\" srcset=\"https:\/\/www.opticagracia.com\/wp-content\/uploads\/2021\/03\/Optica-Gracia-Que-es-el-Glaucoma-1.jpg 540w, https:\/\/www.opticagracia.com\/wp-content\/uploads\/2021\/03\/Optica-Gracia-Que-es-el-Glaucoma-1-500x455.jpg 500w, https:\/\/www.opticagracia.com\/wp-content\/uploads\/2021\/03\/Optica-Gracia-Que-es-el-Glaucoma-1-100x91.jpg 100w\" sizes=\"(max-width: 400px) 100vw, 400px\" \/>Le glaucome est l'une de ces maladies dont on ne se rend compte qu'une fois qu'il est trop tard, parce que la maladie est avanc\u00e9e. Au d\u00e9part, il est asymptomatique.<\/p>\n<p style=\"text-align: justify;\">Elle est consid\u00e9r\u00e9e comme une neuropathie optique, g\u00e9n\u00e9ralement du nerf optique, qui est responsable de la transmission au cerveau des informations re\u00e7ues par la r\u00e9tine.<\/p>\n<p>&nbsp;<\/p>\n<p style=\"text-align: justify;\"><strong><span style=\"font-size: 12pt;\">Sympt\u00f4mes :<\/span><\/strong><br \/>\nIl n'y a pas de sympt\u00f4mes au d\u00e9but et la maladie commence par de l\u00e9g\u00e8res alt\u00e9rations du champ visuel p\u00e9riph\u00e9rique, parfois accompagn\u00e9es d'une pression intraoculaire \u00e9lev\u00e9e, qui peut \u00e9galement ne pas \u00eatre d\u00e9tect\u00e9e. Lorsque la maladie progresse, des zones aveugles se cr\u00e9ent dans la r\u00e9tine, qui s'agrandissent avec le temps et peuvent s'approcher de la macula, qui est la zone centrale \u00e0 travers laquelle nous voyons tous les d\u00e9tails.<\/p>\n<p style=\"text-align: justify;\">Il est important que nous puissions effectuer un examen visuel complet afin de pouvoir d\u00e9tecter certains signes chez OPTICA GRACIA, tels que la prise de la pression intraoculaire, les photographies et les scanners r\u00e9tiniens.<br \/>\nSi nous constatons des signes \u00e9vidents de glaucome ou de simples doutes, nous \u00e9tablirons un rapport optom\u00e9trique pour vous aider \u00e0 vous rendre chez le m\u00e9decin en qui vous avez confiance.<\/p>\n<p style=\"text-align: justify;\"><strong><span style=\"font-size: 12pt;\">Traitement :<\/span><\/strong><br \/>\nIl n'existe actuellement aucun traitement pour le glaucome, mais il est possible de l'arr\u00eater, voire de le pr\u00e9venir.<\/p>\n<p style=\"text-align: justify;\">L'ophtalmologiste prescrit des m\u00e9dicaments sous forme de collyres (gouttes pour faire baisser la pression) et, parfois, une petite intervention chirurgicale (iridotomie) peut m\u00eame am\u00e9liorer la situation.<\/p>\n<p style=\"text-align: justify;\">\u203c\ufe0fLo la pr\u00e9vention et la d\u00e9tection pr\u00e9coce sont les plus importantes, c'est pourquoi \u203c\ufe0f<br \/>\nL'\u00e9quipe d'OPTICA GRACIA vous facilite la t\u00e2che pour votre contr\u00f4le annuel et vous rassure.<br \/>\nLe glaucome est la premi\u00e8re cause de c\u00e9cit\u00e9 dans le monde chez les personnes \u00e2g\u00e9es de plus de 60 ans.<\/p>","protected":false},"excerpt":{"rendered":"<p>Comment savoir si vous avez un glaucome ? Qu'est-ce que le glaucome ? Nous avons pens\u00e9 qu'il serait utile que vous en sachiez un peu plus sur cette maladie. Le glaucome est une de ces maladies dont on ne se rend compte qu'\u00e0 un stade avanc\u00e9. Au d\u00e9part, il est asymptomatique. Elle est consid\u00e9r\u00e9e comme<br \/><a class=\"moretag\" href=\"https:\/\/www.opticagracia.com\/fr\/glaucoma\/\">+ Lire la suite<\/a><\/p>","protected":false},"author":6,"featured_media":13137,"comment_status":"closed","ping_status":"closed","sticky":false,"template":"","format":"standard","meta":{"footnotes":""},"categories":[120],"tags":[],"class_list":["post-13130","post","type-post","status-publish","format-standard","has-post-thumbnail","hentry","category-noticias"],"_links":{"self":[{"href":"https:\/\/www.opticagracia.com\/fr\/wp-json\/wp\/v2\/posts\/13130","targetHints":{"allow":["GET"]}}],"collection":[{"href":"https:\/\/www.opticagracia.com\/fr\/wp-json\/wp\/v2\/posts"}],"about":[{"href":"https:\/\/www.opticagracia.com\/fr\/wp-json\/wp\/v2\/types\/post"}],"author":[{"embeddable":true,"href":"https:\/\/www.opticagracia.com\/fr\/wp-json\/wp\/v2\/users\/6"}],"replies":[{"embeddable":true,"href":"https:\/\/www.opticagracia.com\/fr\/wp-json\/wp\/v2\/comments?post=13130"}],"version-history":[{"count":0,"href":"https:\/\/www.opticagracia.com\/fr\/wp-json\/wp\/v2\/posts\/13130\/revisions"}],"wp:featuredmedia":[{"embeddable":true,"href":"https:\/\/www.opticagracia.com\/fr\/wp-json\/wp\/v2\/media\/13137"}],"wp:attachment":[{"href":"https:\/\/www.opticagracia.com\/fr\/wp-json\/wp\/v2\/media?parent=13130"}],"wp:term":[{"taxonomy":"category","embeddable":true,"href":"https:\/\/www.opticagracia.com\/fr\/wp-json\/wp\/v2\/categories?post=13130"},{"taxonomy":"post_tag","embeddable":true,"href":"https:\/\/www.opticagracia.com\/fr\/wp-json\/wp\/v2\/tags?post=13130"}],"curies":[{"name":"wp","href":"https:\/\/api.w.org\/{rel}","templated":true}]}}