{"id":3990,"date":"2018-02-19T12:37:29","date_gmt":"2018-02-19T11:37:29","guid":{"rendered":"http:\/\/opticagracia.com\/?p=3990"},"modified":"2025-02-22T17:18:03","modified_gmt":"2025-02-22T16:18:03","slug":"una-mirada-a-la-moda","status":"publish","type":"post","link":"https:\/\/www.opticagracia.com\/fr\/una-mirada-a-la-moda\/","title":{"rendered":"Un regard sur la mode!"},"content":{"rendered":"<h3>\u00d2ptica Gracia Un regard sur la mode !<\/h3>\n<p style=\"text-align: justify;\">Vous \u00eates-vous d\u00e9j\u00e0 arr\u00eat\u00e9 pour r\u00e9fl\u00e9chir \u00e0 ce qu'une personne voit au premier coup d'\u0153il lorsqu'elle nous regarde ?<\/p>\n<p style=\"text-align: justify;\">Notre visage, nos yeux et notre regard sont ce qui projette le meilleur de nous-m\u00eames, c'est pourquoi le choix des lunettes les plus appropri\u00e9es est notre objectif et nous vous aidons personnellement \u00e0 rendre cette exp\u00e9rience plus excitante !<\/p>\n<p style=\"text-align: justify;\">Cette saison commence d\u00e9j\u00e0 avec des montures plus fines et plus minimalistes en \"pasta\", tant en ac\u00e9tate qu'en mat\u00e9riaux inject\u00e9s. Les formes arrondies et f\u00e9lines sont \u00e9galement \u00e0 la mode.<\/p>\n<p><img fetchpriority=\"high\" decoding=\"async\" class=\"aligncenter wp-image-13193 size-full\" src=\"https:\/\/www.opticagracia.com\/wp-content\/uploads\/2018\/02\/Optica-Gracia-Blog-Una-mirada-a-la-moda.jpg\" alt=\"\u00d2ptica Gr\u00e0cia - Blog - Un regard sur la mode\" width=\"900\" height=\"506\" srcset=\"https:\/\/www.opticagracia.com\/wp-content\/uploads\/2018\/02\/Optica-Gracia-Blog-Una-mirada-a-la-moda.jpg 900w, https:\/\/www.opticagracia.com\/wp-content\/uploads\/2018\/02\/Optica-Gracia-Blog-Una-mirada-a-la-moda-500x281.jpg 500w, https:\/\/www.opticagracia.com\/wp-content\/uploads\/2018\/02\/Optica-Gracia-Blog-Una-mirada-a-la-moda-650x365.jpg 650w, https:\/\/www.opticagracia.com\/wp-content\/uploads\/2018\/02\/Optica-Gracia-Blog-Una-mirada-a-la-moda-100x56.jpg 100w, https:\/\/www.opticagracia.com\/wp-content\/uploads\/2018\/02\/Optica-Gracia-Blog-Una-mirada-a-la-moda-768x432.jpg 768w\" sizes=\"(max-width: 900px) 100vw, 900px\" \/><\/p>","protected":false},"excerpt":{"rendered":"<p>\u00d2ptica Gracia \u00a1una mirada a la moda! \u00bfOs hab\u00e9is parado a pensar alguna vez qu\u00e9 es lo que una persona ve a primera vista cuando nos miran? Nuestra cara los ojos y nuestra mirada es lo que proyecta lo mejor de nosotros, por eso elegir la gafa m\u00e1s adecuada es nuestro objetivo y os ayudamos<br \/><a class=\"moretag\" href=\"https:\/\/www.opticagracia.com\/fr\/una-mirada-a-la-moda\/\">+ Lire la suite<\/a><\/p>","protected":false},"author":6,"featured_media":13193,"comment_status":"closed","ping_status":"closed","sticky":false,"template":"","format":"standard","meta":{"footnotes":""},"categories":[120],"tags":[],"class_list":["post-3990","post","type-post","status-publish","format-standard","has-post-thumbnail","hentry","category-noticias"],"_links":{"self":[{"href":"https:\/\/www.opticagracia.com\/fr\/wp-json\/wp\/v2\/posts\/3990","targetHints":{"allow":["GET"]}}],"collection":[{"href":"https:\/\/www.opticagracia.com\/fr\/wp-json\/wp\/v2\/posts"}],"about":[{"href":"https:\/\/www.opticagracia.com\/fr\/wp-json\/wp\/v2\/types\/post"}],"author":[{"embeddable":true,"href":"https:\/\/www.opticagracia.com\/fr\/wp-json\/wp\/v2\/users\/6"}],"replies":[{"embeddable":true,"href":"https:\/\/www.opticagracia.com\/fr\/wp-json\/wp\/v2\/comments?post=3990"}],"version-history":[{"count":0,"href":"https:\/\/www.opticagracia.com\/fr\/wp-json\/wp\/v2\/posts\/3990\/revisions"}],"wp:featuredmedia":[{"embeddable":true,"href":"https:\/\/www.opticagracia.com\/fr\/wp-json\/wp\/v2\/media\/13193"}],"wp:attachment":[{"href":"https:\/\/www.opticagracia.com\/fr\/wp-json\/wp\/v2\/media?parent=3990"}],"wp:term":[{"taxonomy":"category","embeddable":true,"href":"https:\/\/www.opticagracia.com\/fr\/wp-json\/wp\/v2\/categories?post=3990"},{"taxonomy":"post_tag","embeddable":true,"href":"https:\/\/www.opticagracia.com\/fr\/wp-json\/wp\/v2\/tags?post=3990"}],"curies":[{"name":"wp","href":"https:\/\/api.w.org\/{rel}","templated":true}]}}